{"id":10348,"date":"2021-05-29T14:31:03","date_gmt":"2021-05-29T12:31:03","guid":{"rendered":"https:\/\/sp184lodz.edu.pl\/?p=10348"},"modified":"2021-05-29T15:23:47","modified_gmt":"2021-05-29T13:23:47","slug":"sukcesy-naszych-uczniow-w-konkursie-foto","status":"publish","type":"post","link":"https:\/\/sp184lodz.edu.pl\/index.php\/2021\/05\/29\/sukcesy-naszych-uczniow-w-konkursie-foto\/","title":{"rendered":"Sukces naszego ucznia w konkursie FOTO"},"content":{"rendered":"<p style=\"text-align: center;\"><span style=\"color: #000080;\">Mi\u0142o nam og\u0142osi\u0107, \u017ce w\u015br\u00f3d laureat\u00f3w VII edycji Konkursu Przyrodniczo Fotograficznego<strong><br \/>\n<\/strong>pn.<strong>\u00a0 &#8222;ZWIERZ\u0118TA CHRONIONE REGIONU \u0141\u00d3DZKIEGO&#8221;<\/strong>\u00a0<\/span><strong><br \/>\n<\/strong><span style=\"color: #000080;\">jest <\/span><span style=\"color: #800000;\"><strong>Emil Eustachiewicz <\/strong><\/span><span style=\"color: #000080;\">ucze\u0144 klasy 7a. <\/span><\/p>\n<p style=\"text-align: center;\"><strong><img loading=\"lazy\" decoding=\"async\" class=\"aligncenter size-full wp-image-1085\" src=\"https:\/\/sp184lodz.edu.pl\/wp-content\/uploads\/2017\/04\/animfoto.gif\" alt=\"\" width=\"80\" height=\"65\" \/> <\/strong><\/p>\n<h2 style=\"text-align: center;\"><span style=\"color: #ff0000;\"><strong>Emil zaj\u0105\u0142 II miejsce<\/strong><\/span><\/h2>\n<p style=\"text-align: center;\"><span style=\"color: #008000;\"><em><strong>GRATULUJEMY I \u017bYCZYMY DALSZYCH SUKCES\u00d3W <img loading=\"lazy\" decoding=\"async\" class=\"aligncenter wp-image-7423\" src=\"https:\/\/sp184lodz.edu.pl\/wp-content\/uploads\/2019\/12\/BUZKA_SP184.png\" alt=\"\" width=\"52\" height=\"50\" \/><\/strong><\/em><\/span><\/p>\n<p style=\"text-align: center;\"><span style=\"color: #800080;\"><em>cykl zdj\u0119\u0107 pt: <strong>&#8222;Ptaki dziko \u017cyj\u0105ce&#8221;<\/strong> zyska\u0142 uznanie komisji konkursowej.<\/em><\/span><\/p>\n<p style=\"text-align: center;\"><code class=\"rl-shortcode\"><div class=\"rl-gallery-container rl-loading\" id=\"rl-gallery-container-1\" data-gallery_id=\"10350\"> <div class=\"rl-gallery rl-basicgrid-gallery \" id=\"rl-gallery-1\" data-gallery_no=\"1\"> <div class=\"rl-gallery-item\"><a href=\"https:\/\/sp184lodz.edu.pl\/wp-content\/uploads\/2021\/05\/03-scaled.jpg\" title=\"\" data-rl_title=\"\" class=\"rl-gallery-link\" data-rl_caption=\"\" data-rel=\"lightbox-gallery-1\"><img loading=\"lazy\" decoding=\"async\" src=\"https:\/\/sp184lodz.edu.pl\/wp-content\/uploads\/2021\/05\/03-300x225.jpg\" width=\"300\" height=\"225\" alt=\"Ptaki dziko \u017cyj\u0105ce\" \/><\/a><\/div><div class=\"rl-gallery-item\"><a href=\"https:\/\/sp184lodz.edu.pl\/wp-content\/uploads\/2021\/05\/01-scaled.jpg\" title=\"\" data-rl_title=\"\" class=\"rl-gallery-link\" data-rl_caption=\"\" data-rel=\"lightbox-gallery-1\"><img loading=\"lazy\" decoding=\"async\" src=\"https:\/\/sp184lodz.edu.pl\/wp-content\/uploads\/2021\/05\/01-300x225.jpg\" width=\"300\" height=\"225\" alt=\"\" \/><\/a><\/div><div class=\"rl-gallery-item\"><a href=\"https:\/\/sp184lodz.edu.pl\/wp-content\/uploads\/2021\/05\/02-scaled.jpg\" title=\"\" data-rl_title=\"\" class=\"rl-gallery-link\" data-rl_caption=\"\" data-rel=\"lightbox-gallery-1\"><img loading=\"lazy\" decoding=\"async\" src=\"https:\/\/sp184lodz.edu.pl\/wp-content\/uploads\/2021\/05\/02-300x225.jpg\" width=\"300\" height=\"225\" alt=\"\" \/><\/a><\/div> <\/div> <\/div><\/code><\/p>\n<p style=\"text-align: right;\"><a href=\"https:\/\/edukator.dzierbicki.pl\/konkursy\/sukcesy\/\" target=\"_blank\" rel=\"noopener\"><span style=\"color: #808080;\"><em><strong>wi\u0119cej<\/strong><\/em><\/span><\/a><\/p>\n<p>&nbsp;<\/p>\n","protected":false},"excerpt":{"rendered":"<p>Mi\u0142o nam og\u0142osi\u0107, \u017ce w\u015br\u00f3d laureat\u00f3w VII edycji Konkursu Przyrodniczo Fotograficznego pn.\u00a0 &#8222;ZWIERZ\u0118TA CHRONIONE REGIONU \u0141\u00d3DZKIEGO&#8221;\u00a0 jest Emil Eustachiewicz ucze\u0144 klasy 7a. Emil zaj\u0105\u0142 II miejsce GRATULUJEMY I \u017bYCZYMY DALSZYCH SUKCES\u00d3W cykl zdj\u0119\u0107 pt: &#8222;Ptaki dziko \u017cyj\u0105ce&#8221; zyska\u0142 uznanie komisji <a href=\"https:\/\/sp184lodz.edu.pl\/index.php\/2021\/05\/29\/sukcesy-naszych-uczniow-w-konkursie-foto\/\" class=\"read-more\">czytaj wi\u0119cej &#8230;<\/a><\/p>\n","protected":false},"author":1,"featured_media":0,"comment_status":"closed","ping_status":"closed","sticky":false,"template":"","format":"standard","meta":{"two_page_speed":[],"footnotes":""},"categories":[5,15,1,7,8],"tags":[51,171,71,167],"class_list":["post-10348","post","type-post","status-publish","format-standard","hentry","category-f","category-konkursy","category-pil","category-sukces","category-wazne","tag-konkurs-fotograficzny","tag-ptaki-dziko-zyjace","tag-sp184-w-lodzi","tag-zwierzeta-chronione-regionu-lodzkiego"],"_links":{"self":[{"href":"https:\/\/sp184lodz.edu.pl\/index.php\/wp-json\/wp\/v2\/posts\/10348","targetHints":{"allow":["GET"]}}],"collection":[{"href":"https:\/\/sp184lodz.edu.pl\/index.php\/wp-json\/wp\/v2\/posts"}],"about":[{"href":"https:\/\/sp184lodz.edu.pl\/index.php\/wp-json\/wp\/v2\/types\/post"}],"author":[{"embeddable":true,"href":"https:\/\/sp184lodz.edu.pl\/index.php\/wp-json\/wp\/v2\/users\/1"}],"replies":[{"embeddable":true,"href":"https:\/\/sp184lodz.edu.pl\/index.php\/wp-json\/wp\/v2\/comments?post=10348"}],"version-history":[{"count":5,"href":"https:\/\/sp184lodz.edu.pl\/index.php\/wp-json\/wp\/v2\/posts\/10348\/revisions"}],"predecessor-version":[{"id":10366,"href":"https:\/\/sp184lodz.edu.pl\/index.php\/wp-json\/wp\/v2\/posts\/10348\/revisions\/10366"}],"wp:attachment":[{"href":"https:\/\/sp184lodz.edu.pl\/index.php\/wp-json\/wp\/v2\/media?parent=10348"}],"wp:term":[{"taxonomy":"category","embeddable":true,"href":"https:\/\/sp184lodz.edu.pl\/index.php\/wp-json\/wp\/v2\/categories?post=10348"},{"taxonomy":"post_tag","embeddable":true,"href":"https:\/\/sp184lodz.edu.pl\/index.php\/wp-json\/wp\/v2\/tags?post=10348"}],"curies":[{"name":"wp","href":"https:\/\/api.w.org\/{rel}","templated":true}]}}