{"id":11253,"date":"2021-11-17T20:07:04","date_gmt":"2021-11-17T19:07:04","guid":{"rendered":"https:\/\/sp184lodz.edu.pl\/?p=11253"},"modified":"2021-11-18T19:42:45","modified_gmt":"2021-11-18T18:42:45","slug":"swieto-niepodleglosci-2","status":"publish","type":"post","link":"https:\/\/sp184lodz.edu.pl\/index.php\/2021\/11\/17\/swieto-niepodleglosci-2\/","title":{"rendered":"\u015awi\u0119to Niepodleg\u0142o\u015bci"},"content":{"rendered":"<div style=\"text-align: center;\"><img decoding=\"async\" style=\"margin-right: 20px;\" src=\"https:\/\/sp184lodz.edu.pl\/wp-content\/uploads\/2021\/11\/21_11_17_niepodlegla.jpg\" alt=\"\" \/><\/div>\n<div style=\"text-align: justify; font-size: 18px; margin-top: 0px;\">&nbsp;&nbsp;&nbsp;&nbsp; W czwartek 11 listopada br., czyli w 103. rocznic\u0119 odzyskania przez Polsk\u0119 niepodleg\u0142o\u015bci, uczniowie i nauczyciele z naszej szko\u0142y wzi\u0119li udzia\u0142 w osiedlowych obchodach tego wyj\u0105tkowego jubileuszu. Uroczysto\u015bci rozpocz\u0119\u0142y si\u0119 msz\u0105 \u015bw. odprawion\u0105 w parafii pw. NMP Kr\u00f3lowej Polski, a nast\u0119pnie przenios\u0142y si\u0119 pod tablic\u0119 upami\u0119tniaj\u0105c\u0105 to wydarzenie. Przy ul. 11-go Listopada, w obecno\u015bci przedstawicieli Rady Miasta i Osiedla oraz licznie zgromadzonych mieszka\u0144c\u00f3w, odby\u0142y si\u0119 pokaz musztry i rozwi\u0105zanie konkursu bibliotecznego \u201eWolno\u015b\u0107 w modzie\u201d, organizowanego w ramach projektu Bud\u017cetu Obywatelskiego \u201eO kobietach niepodleg\u0142ych historycznie, literacko i wsp\u00f3\u0142cze\u015bnie\u201d. Uczniowie zaprezentowali swoje charakteryzacje, nawi\u0105zuj\u0105ce do epoki ostatniego stulecia. Na koniec wykonano wsp\u00f3lne zdj\u0119cie uczni\u00f3w i kierowniczek z Biblioteki Miejskiej w \u0141odzi.<\/div>\n","protected":false},"excerpt":{"rendered":"<p>&nbsp;&nbsp;&nbsp;&nbsp; W czwartek 11 listopada br., czyli w 103. rocznic\u0119 odzyskania przez Polsk\u0119 niepodleg\u0142o\u015bci, uczniowie i nauczyciele z naszej szko\u0142y wzi\u0119li udzia\u0142 w osiedlowych obchodach tego wyj\u0105tkowego jubileuszu. Uroczysto\u015bci rozpocz\u0119\u0142y si\u0119 msz\u0105 \u015bw. odprawion\u0105 w parafii pw. NMP Kr\u00f3lowej Polski, <a href=\"https:\/\/sp184lodz.edu.pl\/index.php\/2021\/11\/17\/swieto-niepodleglosci-2\/\" class=\"read-more\">czytaj wi\u0119cej &#8230;<\/a><\/p>\n","protected":false},"author":4,"featured_media":0,"comment_status":"closed","ping_status":"closed","sticky":false,"template":"","format":"standard","meta":{"two_page_speed":[],"footnotes":""},"categories":[1],"tags":[],"class_list":["post-11253","post","type-post","status-publish","format-standard","hentry","category-pil"],"_links":{"self":[{"href":"https:\/\/sp184lodz.edu.pl\/index.php\/wp-json\/wp\/v2\/posts\/11253","targetHints":{"allow":["GET"]}}],"collection":[{"href":"https:\/\/sp184lodz.edu.pl\/index.php\/wp-json\/wp\/v2\/posts"}],"about":[{"href":"https:\/\/sp184lodz.edu.pl\/index.php\/wp-json\/wp\/v2\/types\/post"}],"author":[{"embeddable":true,"href":"https:\/\/sp184lodz.edu.pl\/index.php\/wp-json\/wp\/v2\/users\/4"}],"replies":[{"embeddable":true,"href":"https:\/\/sp184lodz.edu.pl\/index.php\/wp-json\/wp\/v2\/comments?post=11253"}],"version-history":[{"count":1,"href":"https:\/\/sp184lodz.edu.pl\/index.php\/wp-json\/wp\/v2\/posts\/11253\/revisions"}],"predecessor-version":[{"id":11255,"href":"https:\/\/sp184lodz.edu.pl\/index.php\/wp-json\/wp\/v2\/posts\/11253\/revisions\/11255"}],"wp:attachment":[{"href":"https:\/\/sp184lodz.edu.pl\/index.php\/wp-json\/wp\/v2\/media?parent=11253"}],"wp:term":[{"taxonomy":"category","embeddable":true,"href":"https:\/\/sp184lodz.edu.pl\/index.php\/wp-json\/wp\/v2\/categories?post=11253"},{"taxonomy":"post_tag","embeddable":true,"href":"https:\/\/sp184lodz.edu.pl\/index.php\/wp-json\/wp\/v2\/tags?post=11253"}],"curies":[{"name":"wp","href":"https:\/\/api.w.org\/{rel}","templated":true}]}}