{"id":11280,"date":"2021-11-18T19:31:57","date_gmt":"2021-11-18T18:31:57","guid":{"rendered":"https:\/\/sp184lodz.edu.pl\/?p=11280"},"modified":"2021-11-26T14:12:33","modified_gmt":"2021-11-26T13:12:33","slug":"dzien-zyczliwosci","status":"publish","type":"post","link":"https:\/\/sp184lodz.edu.pl\/index.php\/2021\/11\/18\/dzien-zyczliwosci\/","title":{"rendered":"Dzie\u0144 \u017cyczliwo\u015bci"},"content":{"rendered":"<div style=\"text-align: center;\"><img decoding=\"async\" style=\"float: left; margin-right: 20px; width: 300px;\" src=\"https:\/\/sp184lodz.edu.pl\/wp-content\/uploads\/2021\/11\/21_11_18_zycz.jpg\" alt=\"\" \/><\/div>\n<div style=\"text-align: justify; font-size: 17px; margin-top: 0px; color:green\">&nbsp;&nbsp;&nbsp;&nbsp;&nbsp; W dniach od <b>22 do 26<\/b> listopada b\u0119dziemy \u015bwi\u0119towa\u0107 <b>Tydzie\u0144 \u017byczliwo\u015bci.<\/b><br \/>\nZach\u0119camy wszystkich do w\u0142\u0105czenia si\u0119 w akcj\u0119. W celu integracji spo\u0142eczno\u015bci szkolnej, budowania poczucia wsp\u00f3lnoty i okazania, \u017ce jeste\u015bmy dla siebie nawzajem wa\u017cni i \u017cyczliwi  proponuj\u0119, aby w nast. tygodniu uczniowie przychodzili w poszczeg\u00f3lne dni ubrani w wyznaczone kolory (w miar\u0119 mo\u017cliwo\u015bci  prosz\u0119, aby uczniowie mieli jaki\u015b akcent stroju w wyznaczonym tego dnia kolorze).<br \/>\nPrzedstawiciele samorz\u0105du szkolnego b\u0119d\u0105 sprawdza\u0107, ile uczni\u00f3w z danej klasy dostosowa\u0142o si\u0119 kolorystycznie. I na koniec tygodnia zrobimy ranking na stronie szko\u0142y;<\/div>\n<div style=\"text-align: center; font-size: 18px; margin-top: 0px; color:black\">poniedzia\u0142ek &#8211; kolor bia\u0142y<\/div>\n<div style=\"text-align: center; font-size: 18px; margin-top: 0px; color:blue\">wtorek &#8211; kolor niebieski<\/div>\n<div style=\"text-align: center; font-size: 18px; margin-top: 0px; color:green\">\u015broda &#8211; kolor zielony<\/div>\n<div style=\"text-align: center; font-size: 18px; margin-top: 0px; color:red\">czwartek &#8211; kolor czerwony<\/div>\n<div style=\"text-align: center; font-size: 18px; margin-top: 0px; color:yellow\">pi\u0105tek &#8211; kolor \u017c\u00f3\u0142ty<\/div>\n<div style=\"text-align: justify; font-size: 17px; margin-top: 0px; color:green\">&nbsp;&nbsp;&nbsp;&nbsp;&nbsp; <br \/>Przy szatniach stan\u0105 &#8222;drzewka \u017cyczliwo\u015bci&#8221;, gdzie wszyscy b\u0119d\u0105 mogli na wykonanych przez siebie listkach wpisa\u0107 s\u0142owa \u017cyczliwo\u015bci dla ca\u0142ej spo\u0142eczno\u015bci szkolnej. Listki prosz\u0119 przynosi\u0107 do pokoju pedagoga\/psychologa, a my sukcesywnie b\u0119dziemy je przyczepia\u0107 do drzewka. <br \/> R\u00f3wnie\u017c b\u0119dzie dzia\u0142a\u0107 &#8222;sympatyczna poczta&#8221;; na drzwiach pokoju 207A psycholog\/pedagog mie\u015bci si\u0119 skrzynka na listy. Codziennie od 22 do 16 listopada uczniowie mog\u0105 wrzuca\u0107 mi\u0142e listy, s\u0142owa podzi\u0119kowania, pozdrowienia itp. do koleg\u00f3w \/kole\u017canek. Wa\u017cne, aby by\u0142o napisane do kogo jest list. Po zako\u0144czeniu tygodnia psycholog\/pedagog rozda zebrane listy.\n<\/div>\n","protected":false},"excerpt":{"rendered":"<p>&nbsp;&nbsp;&nbsp;&nbsp;&nbsp; W dniach od 22 do 26 listopada b\u0119dziemy \u015bwi\u0119towa\u0107 Tydzie\u0144 \u017byczliwo\u015bci. Zach\u0119camy wszystkich do w\u0142\u0105czenia si\u0119 w akcj\u0119. W celu integracji spo\u0142eczno\u015bci szkolnej, budowania poczucia wsp\u00f3lnoty i okazania, \u017ce jeste\u015bmy dla siebie nawzajem wa\u017cni i \u017cyczliwi proponuj\u0119, aby w <a href=\"https:\/\/sp184lodz.edu.pl\/index.php\/2021\/11\/18\/dzien-zyczliwosci\/\" class=\"read-more\">czytaj wi\u0119cej &#8230;<\/a><\/p>\n","protected":false},"author":4,"featured_media":0,"comment_status":"closed","ping_status":"closed","sticky":false,"template":"","format":"standard","meta":{"two_page_speed":[],"footnotes":""},"categories":[1],"tags":[],"class_list":["post-11280","post","type-post","status-publish","format-standard","hentry","category-pil"],"_links":{"self":[{"href":"https:\/\/sp184lodz.edu.pl\/index.php\/wp-json\/wp\/v2\/posts\/11280","targetHints":{"allow":["GET"]}}],"collection":[{"href":"https:\/\/sp184lodz.edu.pl\/index.php\/wp-json\/wp\/v2\/posts"}],"about":[{"href":"https:\/\/sp184lodz.edu.pl\/index.php\/wp-json\/wp\/v2\/types\/post"}],"author":[{"embeddable":true,"href":"https:\/\/sp184lodz.edu.pl\/index.php\/wp-json\/wp\/v2\/users\/4"}],"replies":[{"embeddable":true,"href":"https:\/\/sp184lodz.edu.pl\/index.php\/wp-json\/wp\/v2\/comments?post=11280"}],"version-history":[{"count":15,"href":"https:\/\/sp184lodz.edu.pl\/index.php\/wp-json\/wp\/v2\/posts\/11280\/revisions"}],"predecessor-version":[{"id":11321,"href":"https:\/\/sp184lodz.edu.pl\/index.php\/wp-json\/wp\/v2\/posts\/11280\/revisions\/11321"}],"wp:attachment":[{"href":"https:\/\/sp184lodz.edu.pl\/index.php\/wp-json\/wp\/v2\/media?parent=11280"}],"wp:term":[{"taxonomy":"category","embeddable":true,"href":"https:\/\/sp184lodz.edu.pl\/index.php\/wp-json\/wp\/v2\/categories?post=11280"},{"taxonomy":"post_tag","embeddable":true,"href":"https:\/\/sp184lodz.edu.pl\/index.php\/wp-json\/wp\/v2\/tags?post=11280"}],"curies":[{"name":"wp","href":"https:\/\/api.w.org\/{rel}","templated":true}]}}