{"id":11831,"date":"2022-03-28T07:52:47","date_gmt":"2022-03-28T05:52:47","guid":{"rendered":"https:\/\/sp184lodz.edu.pl\/?p=11831"},"modified":"2022-04-04T12:23:30","modified_gmt":"2022-04-04T10:23:30","slug":"matematyka-w-obiektywie-podsumowanie","status":"publish","type":"post","link":"https:\/\/sp184lodz.edu.pl\/index.php\/2022\/03\/28\/matematyka-w-obiektywie-podsumowanie\/","title":{"rendered":"\u201eMatematyka w obiektywie\u201d &#8211; podsumowanie"},"content":{"rendered":"<p style=\"text-align: center;\"><img loading=\"lazy\" decoding=\"async\" class=\"aligncenter wp-image-11832 size-medium\" title=\"\" src=\"https:\/\/sp184lodz.edu.pl\/wp-content\/uploads\/2022\/03\/baner-edukator-300x155.jpg\" alt=\"\" width=\"300\" height=\"155\" srcset=\"https:\/\/sp184lodz.edu.pl\/wp-content\/uploads\/2022\/03\/baner-edukator-300x155.jpg 300w, https:\/\/sp184lodz.edu.pl\/wp-content\/uploads\/2022\/03\/baner-edukator-1024x528.jpg 1024w, https:\/\/sp184lodz.edu.pl\/wp-content\/uploads\/2022\/03\/baner-edukator-768x396.jpg 768w, https:\/\/sp184lodz.edu.pl\/wp-content\/uploads\/2022\/03\/baner-edukator-1536x791.jpg 1536w, https:\/\/sp184lodz.edu.pl\/wp-content\/uploads\/2022\/03\/baner-edukator-2048x1055.jpg 2048w\" sizes=\"auto, (max-width: 300px) 100vw, 300px\" \/> <span style=\"color: #0000ff;\"><strong>Jesieni\u0105 2021 roku dla uczni\u00f3w klas IV \u2013 VIII oraz rodzic\u00f3w \u00a0og\u0142oszony zosta\u0142 konkurs fotograficzny<\/strong><\/span><\/p>\n<h3 style=\"text-align: center;\"><span style=\"color: #0000ff;\"><strong> \u201eMatematyka w obiektywie\u201d.<\/strong><\/span><\/h3>\n<p><span style=\"color: #ff0000;\"><!--more--><\/span><\/p>\n<p><span style=\"color: #ff0000;\"> Jego celem by\u0142o dostarczenie zdj\u0119cia wykonanego dowoln\u0105 technik\u0105 i b\u0119d\u0105cego artystycznym wyra\u017ceniem poj\u0119cia matematycznego, prawid\u0142owo\u015bci matematycznej, metafor\u0105 matematyczn\u0105 lub \u017cartem matematycznym.<\/span><\/p>\n<p><span style=\"color: #ff0000;\">Dostarczono wiele pomys\u0142owych zdj\u0119\u0107. Organizatorzy byli zaskoczeni wyobra\u017ani\u0105 autor\u00f3w prac i ich spostrzegawczo\u015bci\u0105 w widzeniu otaczaj\u0105cego \u015bwiata. Rozstrzygni\u0119cie konkursu nie by\u0142o \u0142atwe. W ko\u0144cu po burzliwych naradach uda\u0142o si\u0119 wy\u0142oni\u0107 zwyci\u0119zc\u00f3w. I tak:<\/span><\/p>\n<ul>\n<li><span style=\"color: #0000ff;\"><strong>1 miejsce zaj\u0119\u0142a praca Oli Malinowskiej zatytu\u0142owana &#8222;Dwa razy k\u0105t rozwarty na pla\u017cy&#8221;<\/strong><\/span><\/li>\n<li><span style=\"color: #0000ff;\"><strong>2 miejsce zaj\u0119\u0142a praca Gabriela Grajlicha zatytu\u0142owana &#8222;\u015arednica ksi\u0119\u017cyca&#8221;<\/strong><\/span><\/li>\n<li><span style=\"color: #0000ff;\"><strong>3 miejsce zaj\u0119\u0142a praca Olafa Ka\u0144skiego zatytu\u0142owana &#8222;Matematyka w obiektywie dos\u0142ownie&#8221;<\/strong><\/span><\/li>\n<\/ul>\n<p><code class=\"rl-shortcode\" data-number=\"0\"><div class=\"rl-gallery-container rl-loading\" id=\"rl-gallery-container-1\" data-gallery_id=\"11830\"> <div class=\"rl-gallery rl-basicgrid-gallery \" id=\"rl-gallery-1\" data-gallery_no=\"1\"> <div class=\"rl-gallery-item\"><a href=\"https:\/\/sp184lodz.edu.pl\/wp-content\/uploads\/2022\/03\/01.jpg\" title=\"\" data-rl_title=\"\" class=\"rl-gallery-link\" data-rl_caption=\"\" data-rel=\"lightbox-gallery-1\"><img loading=\"lazy\" decoding=\"async\" src=\"https:\/\/sp184lodz.edu.pl\/wp-content\/uploads\/2022\/03\/01-150x150.jpg\" width=\"150\" height=\"150\" alt=\"\" \/><\/a><\/div><div class=\"rl-gallery-item\"><a href=\"https:\/\/sp184lodz.edu.pl\/wp-content\/uploads\/2022\/03\/02.jpg\" title=\"\" data-rl_title=\"\" class=\"rl-gallery-link\" data-rl_caption=\"\" data-rel=\"lightbox-gallery-1\"><img loading=\"lazy\" decoding=\"async\" src=\"https:\/\/sp184lodz.edu.pl\/wp-content\/uploads\/2022\/03\/02-150x150.jpg\" width=\"150\" height=\"150\" alt=\"\" \/><\/a><\/div><div class=\"rl-gallery-item\"><a href=\"https:\/\/sp184lodz.edu.pl\/wp-content\/uploads\/2022\/03\/03.jpg\" title=\"\" data-rl_title=\"\" class=\"rl-gallery-link\" data-rl_caption=\"\" data-rel=\"lightbox-gallery-1\"><img loading=\"lazy\" decoding=\"async\" src=\"https:\/\/sp184lodz.edu.pl\/wp-content\/uploads\/2022\/03\/03-150x150.jpg\" width=\"150\" height=\"150\" alt=\"\" \/><\/a><\/div> <\/div> <\/div><\/code><\/p>\n<p><span style=\"color: #ff0000;\">Autorzy najciekawszych prac otrzymaj\u0105 drobne upominki.<\/span><\/p>\n<p style=\"text-align: center;\"><span style=\"color: #ff0000;\">Wszystkim uczestnikom serdecznie dzi\u0119kujemy za udzia\u0142 w konkursie i zapraszamy na kolejn\u0105 edycj\u0119 w przysz\u0142ym roku.<\/span><\/p>\n","protected":false},"excerpt":{"rendered":"<p>Jesieni\u0105 2021 roku dla uczni\u00f3w klas IV \u2013 VIII oraz rodzic\u00f3w \u00a0og\u0142oszony zosta\u0142 konkurs fotograficzny \u201eMatematyka w obiektywie\u201d.<\/p>\n","protected":false},"author":1,"featured_media":0,"comment_status":"closed","ping_status":"closed","sticky":false,"template":"","format":"standard","meta":{"two_page_speed":[],"footnotes":""},"categories":[1],"tags":[],"class_list":["post-11831","post","type-post","status-publish","format-standard","hentry","category-pil"],"_links":{"self":[{"href":"https:\/\/sp184lodz.edu.pl\/index.php\/wp-json\/wp\/v2\/posts\/11831","targetHints":{"allow":["GET"]}}],"collection":[{"href":"https:\/\/sp184lodz.edu.pl\/index.php\/wp-json\/wp\/v2\/posts"}],"about":[{"href":"https:\/\/sp184lodz.edu.pl\/index.php\/wp-json\/wp\/v2\/types\/post"}],"author":[{"embeddable":true,"href":"https:\/\/sp184lodz.edu.pl\/index.php\/wp-json\/wp\/v2\/users\/1"}],"replies":[{"embeddable":true,"href":"https:\/\/sp184lodz.edu.pl\/index.php\/wp-json\/wp\/v2\/comments?post=11831"}],"version-history":[{"count":6,"href":"https:\/\/sp184lodz.edu.pl\/index.php\/wp-json\/wp\/v2\/posts\/11831\/revisions"}],"predecessor-version":[{"id":11893,"href":"https:\/\/sp184lodz.edu.pl\/index.php\/wp-json\/wp\/v2\/posts\/11831\/revisions\/11893"}],"wp:attachment":[{"href":"https:\/\/sp184lodz.edu.pl\/index.php\/wp-json\/wp\/v2\/media?parent=11831"}],"wp:term":[{"taxonomy":"category","embeddable":true,"href":"https:\/\/sp184lodz.edu.pl\/index.php\/wp-json\/wp\/v2\/categories?post=11831"},{"taxonomy":"post_tag","embeddable":true,"href":"https:\/\/sp184lodz.edu.pl\/index.php\/wp-json\/wp\/v2\/tags?post=11831"}],"curies":[{"name":"wp","href":"https:\/\/api.w.org\/{rel}","templated":true}]}}