{"id":12050,"date":"2022-05-06T17:35:15","date_gmt":"2022-05-06T15:35:15","guid":{"rendered":"https:\/\/sp184lodz.edu.pl\/?p=12050"},"modified":"2022-05-06T17:38:55","modified_gmt":"2022-05-06T15:38:55","slug":"dzien-bez-plecaka-w-klasie-7b","status":"publish","type":"post","link":"https:\/\/sp184lodz.edu.pl\/index.php\/2022\/05\/06\/dzien-bez-plecaka-w-klasie-7b\/","title":{"rendered":"Dzie\u0144 bez plecaka w klasie 7b"},"content":{"rendered":"<div style=\"text-align: center;\"><img decoding=\"async\" style=\"margin-right: 20px; width:320px; \"  src=\"https:\/\/sp184lodz.edu.pl\/wp-content\/uploads\/2022\/05\/22_05_06_plecak_1.jpg\" alt=\"\" \/><img decoding=\"async\" style=\"margin-left: 20px; width:320px; \"  src=\"https:\/\/sp184lodz.edu.pl\/wp-content\/uploads\/2022\/05\/22_05_06_plecak_2.jpg\" alt=\"\" \/><\/div>\n<div style=\"text-align: justify; font-size: 18px; margin-top: 0px;\">&nbsp;&nbsp;&nbsp;&nbsp;&nbsp;&nbsp;Uczniowie z klasy 7b postanowili \u015bwi\u0119towa\u0107 Dzie\u0144 bez plecaka i wykaza\u0107 si\u0119 pomys\u0142owo\u015bci\u0105 oraz kreatywno\u015bci\u0105. Tego dnia dziewcz\u0119ta i ch\u0142opcy zamiast plecak\u00f3w zabrali do szko\u0142y garnki, kartony, transportery dla zwierz\u0105t, wiaderka, wiadra do mycia pod\u0142ogi, kosze, walizki w\u00f3zek sklepowy, poszewki, kartony po butach itd., kt\u00f3re s\u0142u\u017cy\u0142y im zamiast plecak\u00f3w. Niecodzienna sytuacja wywo\u0142a\u0142a u\u015bmiech u wielu uczni\u00f3w i nauczycieli.<\/div>\n","protected":false},"excerpt":{"rendered":"<p>&nbsp;&nbsp;&nbsp;&nbsp;&nbsp;&nbsp;Uczniowie z klasy 7b postanowili \u015bwi\u0119towa\u0107 Dzie\u0144 bez plecaka i wykaza\u0107 si\u0119 pomys\u0142owo\u015bci\u0105 oraz kreatywno\u015bci\u0105. Tego dnia dziewcz\u0119ta i ch\u0142opcy zamiast plecak\u00f3w zabrali do szko\u0142y garnki, kartony, transportery dla zwierz\u0105t, wiaderka, wiadra do mycia pod\u0142ogi, kosze, walizki w\u00f3zek sklepowy, poszewki, <a href=\"https:\/\/sp184lodz.edu.pl\/index.php\/2022\/05\/06\/dzien-bez-plecaka-w-klasie-7b\/\" class=\"read-more\">czytaj wi\u0119cej &#8230;<\/a><\/p>\n","protected":false},"author":4,"featured_media":0,"comment_status":"closed","ping_status":"closed","sticky":false,"template":"","format":"standard","meta":{"two_page_speed":[],"footnotes":""},"categories":[1],"tags":[],"class_list":["post-12050","post","type-post","status-publish","format-standard","hentry","category-pil"],"_links":{"self":[{"href":"https:\/\/sp184lodz.edu.pl\/index.php\/wp-json\/wp\/v2\/posts\/12050","targetHints":{"allow":["GET"]}}],"collection":[{"href":"https:\/\/sp184lodz.edu.pl\/index.php\/wp-json\/wp\/v2\/posts"}],"about":[{"href":"https:\/\/sp184lodz.edu.pl\/index.php\/wp-json\/wp\/v2\/types\/post"}],"author":[{"embeddable":true,"href":"https:\/\/sp184lodz.edu.pl\/index.php\/wp-json\/wp\/v2\/users\/4"}],"replies":[{"embeddable":true,"href":"https:\/\/sp184lodz.edu.pl\/index.php\/wp-json\/wp\/v2\/comments?post=12050"}],"version-history":[{"count":3,"href":"https:\/\/sp184lodz.edu.pl\/index.php\/wp-json\/wp\/v2\/posts\/12050\/revisions"}],"predecessor-version":[{"id":12057,"href":"https:\/\/sp184lodz.edu.pl\/index.php\/wp-json\/wp\/v2\/posts\/12050\/revisions\/12057"}],"wp:attachment":[{"href":"https:\/\/sp184lodz.edu.pl\/index.php\/wp-json\/wp\/v2\/media?parent=12050"}],"wp:term":[{"taxonomy":"category","embeddable":true,"href":"https:\/\/sp184lodz.edu.pl\/index.php\/wp-json\/wp\/v2\/categories?post=12050"},{"taxonomy":"post_tag","embeddable":true,"href":"https:\/\/sp184lodz.edu.pl\/index.php\/wp-json\/wp\/v2\/tags?post=12050"}],"curies":[{"name":"wp","href":"https:\/\/api.w.org\/{rel}","templated":true}]}}