{"id":12297,"date":"2022-05-28T12:44:26","date_gmt":"2022-05-28T10:44:26","guid":{"rendered":"https:\/\/sp184lodz.edu.pl\/?p=12297"},"modified":"2022-06-08T12:50:16","modified_gmt":"2022-06-08T10:50:16","slug":"zbiorka-darow-dla-ofiar-wojny-w-ukrainie","status":"publish","type":"post","link":"https:\/\/sp184lodz.edu.pl\/index.php\/2022\/05\/28\/zbiorka-darow-dla-ofiar-wojny-w-ukrainie\/","title":{"rendered":"ZBI\u00d3RKA DAR\u00d3W DLA OFIAR WOJNY W UKRAINIE"},"content":{"rendered":"<p><strong><span style=\"color: #800080;\">Dzi\u0119ki dobroci ca\u0142ej spo\u0142eczno\u015bci lokalnej naszej szko\u0142y &#8211; naszych uczni\u00f3w oraz ich rodzic\u00f3w &#8211;\u00a0 uda\u0142o nam si\u0119 zebra\u0107 bardzo du\u017co rzeczy potrzebnych ofiarom wojny w Ukrainie.<\/span><\/strong><\/p>\n<p><span style=\"color: #800080;\">W ubieg\u0142ym tygodniu odjecha\u0142y ostatnie paczki dla potrzebuj\u0105cych z \u0141\u00f3dzkiego Centrum Pomocy, ale pierwsze dni akcji by\u0142y wyj\u0105tkowo owocne.<\/span><\/p>\n<p><span style=\"color: #800080;\"><!--more--><\/span><\/p>\n<p><span style=\"color: #800080;\">Dzi\u0119ki zaanga\u017cowaniu <strong>uczennicy z klasy 8d \u2013 Julki Rychter<\/strong> &#8211; wszystkie materia\u0142y medyczne, specjalistyczne opatrunki i lekarstwa pojecha\u0142y prywatnym transportem bezpo\u015brednio na Ukrain\u0119.<\/span><\/p>\n<p><span style=\"color: #800080;\">Wszelkie produkty \u017cywno\u015bciowe, ale tak\u017ce zabawki i cz\u0119\u015b\u0107 ubra\u0144 zasili\u0142y Centralny Dom Dziecka w \u0141odzi, kt\u00f3ry przyj\u0105\u0142 ponad 300 dzieci z ukrai\u0144skich plac\u00f3wek. <\/span><\/p>\n<p><strong><span style=\"color: #800080;\">Serdeczne podzi\u0119kowania dla Pani Asi Wagi \u2013 mamy Stasia z klasy 6a za pomoc w transporcie.<\/span><\/strong><\/p>\n<p><span style=\"color: #800080;\">Osobi\u015bcie wielokrotnie wozi\u0142am paczki bezpo\u015brednio do potrzebuj\u0105cych rodzin i sukcesem zako\u0144czy\u0142o si\u0119 kilka akcji poszukiwania dom\u00f3w dla matek z dzie\u0107mi, kt\u00f3re poci\u0105gami i autokarami przyje\u017cd\u017ca\u0142y do naszego miasta.<\/span><\/p>\n<p><span style=\"color: #800080;\">Jeszcze raz wszystkim Pa\u0144stwu serdecznie dzi\u0119kujemy za wsparcie.<\/span><\/p>\n<p><span style=\"color: #800080;\">\u00a0<\/span><\/p>\n<p><strong><span style=\"color: #800080;\">Aha, wspomnie\u0107 musz\u0119 tak\u017ce, \u017ce dziewczynki z klasy 7a wspaniale pomaga\u0142y przy segregowaniu ubra\u0144 \u2013 dzi\u0119ki!<\/span><\/strong><\/p>\n","protected":false},"excerpt":{"rendered":"<p>Dzi\u0119ki dobroci ca\u0142ej spo\u0142eczno\u015bci lokalnej naszej szko\u0142y &#8211; naszych uczni\u00f3w oraz ich rodzic\u00f3w &#8211;\u00a0 uda\u0142o nam si\u0119 zebra\u0107 bardzo du\u017co rzeczy potrzebnych ofiarom wojny w Ukrainie. W ubieg\u0142ym tygodniu odjecha\u0142y ostatnie paczki dla potrzebuj\u0105cych z \u0141\u00f3dzkiego Centrum Pomocy, ale pierwsze <a href=\"https:\/\/sp184lodz.edu.pl\/index.php\/2022\/05\/28\/zbiorka-darow-dla-ofiar-wojny-w-ukrainie\/\" class=\"read-more\">czytaj wi\u0119cej &#8230;<\/a><\/p>\n","protected":false},"author":1,"featured_media":0,"comment_status":"closed","ping_status":"closed","sticky":false,"template":"","format":"standard","meta":{"two_page_speed":[],"footnotes":""},"categories":[1],"tags":[],"class_list":["post-12297","post","type-post","status-publish","format-standard","hentry","category-pil"],"_links":{"self":[{"href":"https:\/\/sp184lodz.edu.pl\/index.php\/wp-json\/wp\/v2\/posts\/12297","targetHints":{"allow":["GET"]}}],"collection":[{"href":"https:\/\/sp184lodz.edu.pl\/index.php\/wp-json\/wp\/v2\/posts"}],"about":[{"href":"https:\/\/sp184lodz.edu.pl\/index.php\/wp-json\/wp\/v2\/types\/post"}],"author":[{"embeddable":true,"href":"https:\/\/sp184lodz.edu.pl\/index.php\/wp-json\/wp\/v2\/users\/1"}],"replies":[{"embeddable":true,"href":"https:\/\/sp184lodz.edu.pl\/index.php\/wp-json\/wp\/v2\/comments?post=12297"}],"version-history":[{"count":3,"href":"https:\/\/sp184lodz.edu.pl\/index.php\/wp-json\/wp\/v2\/posts\/12297\/revisions"}],"predecessor-version":[{"id":12300,"href":"https:\/\/sp184lodz.edu.pl\/index.php\/wp-json\/wp\/v2\/posts\/12297\/revisions\/12300"}],"wp:attachment":[{"href":"https:\/\/sp184lodz.edu.pl\/index.php\/wp-json\/wp\/v2\/media?parent=12297"}],"wp:term":[{"taxonomy":"category","embeddable":true,"href":"https:\/\/sp184lodz.edu.pl\/index.php\/wp-json\/wp\/v2\/categories?post=12297"},{"taxonomy":"post_tag","embeddable":true,"href":"https:\/\/sp184lodz.edu.pl\/index.php\/wp-json\/wp\/v2\/tags?post=12297"}],"curies":[{"name":"wp","href":"https:\/\/api.w.org\/{rel}","templated":true}]}}