{"id":13178,"date":"2022-11-15T20:12:41","date_gmt":"2022-11-15T19:12:41","guid":{"rendered":"https:\/\/sp184lodz.edu.pl\/?p=13178"},"modified":"2022-11-27T12:31:43","modified_gmt":"2022-11-27T11:31:43","slug":"obchody-narodowego-swieta-niepodleglosci-w-klasach-i-iii","status":"publish","type":"post","link":"https:\/\/sp184lodz.edu.pl\/index.php\/2022\/11\/15\/obchody-narodowego-swieta-niepodleglosci-w-klasach-i-iii\/","title":{"rendered":"Obchody Narodowego \u015awi\u0119ta Niepodleg\u0142o\u015bci  w klasach I-III"},"content":{"rendered":"<p>&nbsp;<\/p>\n<p>&nbsp;<\/p>\n<h4><img loading=\"lazy\" decoding=\"async\" class=\"wp-image-13264 aligncenter\" src=\"https:\/\/sp184lodz.edu.pl\/wp-content\/uploads\/2022\/11\/22_11_15_niepodleglosc.jpg\" alt=\"\" width=\"733\" height=\"284\" srcset=\"https:\/\/sp184lodz.edu.pl\/wp-content\/uploads\/2022\/11\/22_11_15_niepodleglosc.jpg 991w, https:\/\/sp184lodz.edu.pl\/wp-content\/uploads\/2022\/11\/22_11_15_niepodleglosc-300x116.jpg 300w, https:\/\/sp184lodz.edu.pl\/wp-content\/uploads\/2022\/11\/22_11_15_niepodleglosc-768x298.jpg 768w\" sizes=\"auto, (max-width: 733px) 100vw, 733px\" \/><\/h4>\n<h4>Co to jest niepodleg\u0142o\u015b\u0107? Teraz wiem ju\u017c na pewno!<\/h4>\n<p><!--more--><\/p>\n<h4>W przeddzie\u0144 obchod\u00f3w Narodowego \u015awi\u0119ta Niepodleg\u0142o\u015bci w naszej szkole odby\u0142y si\u0119 uroczysto\u015bci upami\u0119tniaj\u0105ce tamte wydarzenia. Klasy 3d i 3a zaprosi\u0142y dzieci z klas I-III na apel. W prostych s\u0142owach uczniowie wierszem i proz\u0105 przekazali m\u0142odszym kolegom istot\u0119 i historyczne t\u0142o odzyskania niepodleg\u0142o\u015bci. Wszyscy wsp\u00f3lnie uroczy\u015bcie od\u015bpiewali Mazurek D\u0105browskiego, a przybyli go\u015bcie wykonali patriotyczne pie\u015bni \u2013 klasy pierwsze \u201eWojenko, wojenko\u201d, klasy drugie \u201ePrzybyli u\u0142ani\u201d, za\u015b klasy trzecie \u201eSzara piechota\u201d. Pi\u0119kne, od\u015bwi\u0119tne stroje, kokardy, kotyliony oraz aktywny udzia\u0142 wszystkich uczestnik\u00f3w apelu sprawi\u0142y, \u017ce te chwile zapad\u0142y nam w serca. Id\u0105c za s\u0142owami fina\u0142owej piosenki mo\u017cemy z ca\u0142\u0105 pewno\u015bci\u0105 stwierdzi\u0107: 11 listopada 1918 \u2013 zapami\u0119tamy ju\u017c na zawsze!<\/h4>\n<p>&nbsp;<\/p>\n<p>&nbsp;<\/p>\n<p>&nbsp;<\/p>\n<p>&nbsp;<\/p>\n<p>&nbsp;<\/p>\n<p>&nbsp;<\/p>\n<p>&nbsp;<\/p>\n<p>&nbsp;<\/p>\n<p>&nbsp;<\/p>\n<p>&nbsp;<\/p>\n","protected":false},"excerpt":{"rendered":"<p>&nbsp; &nbsp; Co to jest niepodleg\u0142o\u015b\u0107? Teraz wiem ju\u017c na pewno!<\/p>\n","protected":false},"author":4,"featured_media":0,"comment_status":"closed","ping_status":"closed","sticky":false,"template":"","format":"standard","meta":{"two_page_speed":[],"footnotes":""},"categories":[3],"tags":[230],"class_list":["post-13178","post","type-post","status-publish","format-standard","hentry","category-news1-3","tag-11-listopada"],"_links":{"self":[{"href":"https:\/\/sp184lodz.edu.pl\/index.php\/wp-json\/wp\/v2\/posts\/13178","targetHints":{"allow":["GET"]}}],"collection":[{"href":"https:\/\/sp184lodz.edu.pl\/index.php\/wp-json\/wp\/v2\/posts"}],"about":[{"href":"https:\/\/sp184lodz.edu.pl\/index.php\/wp-json\/wp\/v2\/types\/post"}],"author":[{"embeddable":true,"href":"https:\/\/sp184lodz.edu.pl\/index.php\/wp-json\/wp\/v2\/users\/4"}],"replies":[{"embeddable":true,"href":"https:\/\/sp184lodz.edu.pl\/index.php\/wp-json\/wp\/v2\/comments?post=13178"}],"version-history":[{"count":3,"href":"https:\/\/sp184lodz.edu.pl\/index.php\/wp-json\/wp\/v2\/posts\/13178\/revisions"}],"predecessor-version":[{"id":13266,"href":"https:\/\/sp184lodz.edu.pl\/index.php\/wp-json\/wp\/v2\/posts\/13178\/revisions\/13266"}],"wp:attachment":[{"href":"https:\/\/sp184lodz.edu.pl\/index.php\/wp-json\/wp\/v2\/media?parent=13178"}],"wp:term":[{"taxonomy":"category","embeddable":true,"href":"https:\/\/sp184lodz.edu.pl\/index.php\/wp-json\/wp\/v2\/categories?post=13178"},{"taxonomy":"post_tag","embeddable":true,"href":"https:\/\/sp184lodz.edu.pl\/index.php\/wp-json\/wp\/v2\/tags?post=13178"}],"curies":[{"name":"wp","href":"https:\/\/api.w.org\/{rel}","templated":true}]}}