{"id":13347,"date":"2022-11-29T20:07:45","date_gmt":"2022-11-29T19:07:45","guid":{"rendered":"https:\/\/sp184lodz.edu.pl\/?p=13347"},"modified":"2022-11-29T20:08:44","modified_gmt":"2022-11-29T19:08:44","slug":"szkolny-konkurs-plastyczny-barwy-jesieni-rozstrzygniecie","status":"publish","type":"post","link":"https:\/\/sp184lodz.edu.pl\/index.php\/2022\/11\/29\/szkolny-konkurs-plastyczny-barwy-jesieni-rozstrzygniecie\/","title":{"rendered":"Szkolny Konkurs Plastyczny &#8222;Barwy jesieni&#8221; &#8211; rozstrzygni\u0119cie"},"content":{"rendered":"<p><img loading=\"lazy\" decoding=\"async\" class=\"alignnone size-full wp-image-13349 aligncenter\" src=\"https:\/\/sp184lodz.edu.pl\/wp-content\/uploads\/2022\/11\/22_11_29_barwy_jesieni_1.jpg\" alt=\"\" width=\"302\" height=\"403\" srcset=\"https:\/\/sp184lodz.edu.pl\/wp-content\/uploads\/2022\/11\/22_11_29_barwy_jesieni_1.jpg 302w, https:\/\/sp184lodz.edu.pl\/wp-content\/uploads\/2022\/11\/22_11_29_barwy_jesieni_1-225x300.jpg 225w\" sizes=\"auto, (max-width: 302px) 100vw, 302px\" \/><\/p>\n<h4>Mi\u0142o nam poinformowa\u0107, \u017ce Szkolny Konkurs Plastyczny dla uczni\u00f3w z klas 1-3&#8243; Barwy jesieni&#8221; zosta\u0142 rozstrzygni\u0119ty. Wp\u0142yn\u0119\u0142o bardzo du\u017co przepi\u0119knych prac wykonanych r\u00f3\u017cnymi technikami. Dlatego te\u017c, jury konkursu mia\u0142o nie lada wyzwanie, aby dokona\u0107 oceny .<\/h4>\n<p><!--more--><\/p>\n<h4>Wszystkim uczestnikom serdecznie dzi\u0119kujemy za udzia\u0142 a zwyci\u0119zcom gratulujemy.<\/h4>\n<h4>I miejsca-<\/h4>\n<h4>Bianka Janas klasa 1e,Ola Osimowicz klasa 1d,Maja Weso\u0142owska klasa 2b<\/h4>\n<h4>II miejsca- Kacper Celi\u0144ski klasa 1d, Lena Kaczmarek klasa 3d, Antoni Makowski klasa 2b<\/h4>\n<h4>III miejsca- Magdalena Andrzejczak klasa 2b, Julia Nowosielska klasa 3d,Natalia Nowosielska klasa 3d<\/h4>\n<h4>SUPER WYR\u00d3\u017bNIENIA<\/h4>\n<h4>Zosia Dembowska<\/h4>\n<h4>Wojciech Kaczmarek<\/h4>\n<h4>Ma\u0142gorzata Szustowska<\/h4>\n<h4>Franek Kroczek<\/h4>\n<h4>Maja Dworniak<\/h4>\n<h4>Szymon Kali\u0144ski<\/h4>\n<h4>Zosia Baranowska<\/h4>\n<h4>Liliana Malinowska<\/h4>\n<h4>Lila Sobieska<\/h4>\n<h4>Antoni Suchecki<\/h4>\n<h4>Martyna Tarkowska<\/h4>\n<h4>Reszta uczestnik\u00f3w otrzyma\u0142a wyr\u00f3\u017cnienia \ud83d\ude42<\/h4>\n<p><code class=\"rl-shortcode\" data-number=\"0\"><div class=\"rl-gallery-container rl-loading\" id=\"rl-gallery-container-1\" data-gallery_id=\"13358\"> <div class=\"rl-gallery rl-basicgrid-gallery rl-hover-effect-6\" id=\"rl-gallery-1\" data-gallery_no=\"1\"> <div class=\"rl-gallery-item\"><a href=\"https:\/\/sp184lodz.edu.pl\/wp-content\/uploads\/2022\/11\/22_11_29_barwy_jesieni_4.jpg\" title=\"\" data-rl_title=\"\" class=\"rl-gallery-link\" data-rl_caption=\"\" data-rel=\"lightbox-gallery-1\"><img loading=\"lazy\" decoding=\"async\" src=\"https:\/\/sp184lodz.edu.pl\/wp-content\/uploads\/2022\/11\/22_11_29_barwy_jesieni_4-150x150.jpg\" width=\"150\" height=\"150\" alt=\"\" \/><\/a><\/div><div class=\"rl-gallery-item\"><a href=\"https:\/\/sp184lodz.edu.pl\/wp-content\/uploads\/2022\/11\/22_11_29_barwy_jesieni_3.jpg\" title=\"\" data-rl_title=\"\" class=\"rl-gallery-link\" data-rl_caption=\"\" data-rel=\"lightbox-gallery-1\"><img loading=\"lazy\" decoding=\"async\" src=\"https:\/\/sp184lodz.edu.pl\/wp-content\/uploads\/2022\/11\/22_11_29_barwy_jesieni_3-150x150.jpg\" width=\"150\" height=\"150\" alt=\"\" \/><\/a><\/div><div class=\"rl-gallery-item\"><a href=\"https:\/\/sp184lodz.edu.pl\/wp-content\/uploads\/2022\/11\/22_11_29_barwy_jesieni_2.jpg\" title=\"\" data-rl_title=\"\" class=\"rl-gallery-link\" data-rl_caption=\"\" data-rel=\"lightbox-gallery-1\"><img loading=\"lazy\" decoding=\"async\" src=\"https:\/\/sp184lodz.edu.pl\/wp-content\/uploads\/2022\/11\/22_11_29_barwy_jesieni_2-150x150.jpg\" width=\"150\" height=\"150\" alt=\"\" \/><\/a><\/div><div class=\"rl-gallery-item\"><a href=\"https:\/\/sp184lodz.edu.pl\/wp-content\/uploads\/2022\/11\/22_11_29_barwy_jesieni_8.jpg\" title=\"\" data-rl_title=\"\" class=\"rl-gallery-link\" data-rl_caption=\"\" data-rel=\"lightbox-gallery-1\"><img loading=\"lazy\" decoding=\"async\" src=\"https:\/\/sp184lodz.edu.pl\/wp-content\/uploads\/2022\/11\/22_11_29_barwy_jesieni_8-150x150.jpg\" width=\"150\" height=\"150\" alt=\"\" \/><\/a><\/div><div class=\"rl-gallery-item\"><a href=\"https:\/\/sp184lodz.edu.pl\/wp-content\/uploads\/2022\/11\/22_11_29_barwy_jesieni_7.jpg\" title=\"\" data-rl_title=\"\" class=\"rl-gallery-link\" data-rl_caption=\"\" data-rel=\"lightbox-gallery-1\"><img loading=\"lazy\" decoding=\"async\" src=\"https:\/\/sp184lodz.edu.pl\/wp-content\/uploads\/2022\/11\/22_11_29_barwy_jesieni_7-150x150.jpg\" width=\"150\" height=\"150\" alt=\"\" \/><\/a><\/div><div class=\"rl-gallery-item\"><a href=\"https:\/\/sp184lodz.edu.pl\/wp-content\/uploads\/2022\/11\/22_11_29_barwy_jesieni_6.jpg\" title=\"\" data-rl_title=\"\" class=\"rl-gallery-link\" data-rl_caption=\"\" data-rel=\"lightbox-gallery-1\"><img loading=\"lazy\" decoding=\"async\" src=\"https:\/\/sp184lodz.edu.pl\/wp-content\/uploads\/2022\/11\/22_11_29_barwy_jesieni_6-150x150.jpg\" width=\"150\" height=\"150\" alt=\"\" \/><\/a><\/div><div class=\"rl-gallery-item\"><a href=\"https:\/\/sp184lodz.edu.pl\/wp-content\/uploads\/2022\/11\/22_11_29_barwy_jesieni_5.jpg\" title=\"\" data-rl_title=\"\" class=\"rl-gallery-link\" data-rl_caption=\"\" data-rel=\"lightbox-gallery-1\"><img loading=\"lazy\" decoding=\"async\" src=\"https:\/\/sp184lodz.edu.pl\/wp-content\/uploads\/2022\/11\/22_11_29_barwy_jesieni_5-150x150.jpg\" width=\"150\" height=\"150\" alt=\"\" \/><\/a><\/div><div class=\"rl-gallery-item\"><a href=\"https:\/\/sp184lodz.edu.pl\/wp-content\/uploads\/2022\/11\/22_11_29_barwy_jesieni_1.jpg\" title=\"\" data-rl_title=\"\" class=\"rl-gallery-link\" data-rl_caption=\"\" data-rel=\"lightbox-gallery-1\"><img loading=\"lazy\" decoding=\"async\" src=\"https:\/\/sp184lodz.edu.pl\/wp-content\/uploads\/2022\/11\/22_11_29_barwy_jesieni_1-150x150.jpg\" width=\"150\" height=\"150\" alt=\"\" \/><\/a><\/div><div class=\"rl-gallery-item\"><a href=\"https:\/\/sp184lodz.edu.pl\/wp-content\/uploads\/2022\/11\/22_11_29_barwy_jesieni_9.jpg\" title=\"\" data-rl_title=\"\" class=\"rl-gallery-link\" data-rl_caption=\"\" data-rel=\"lightbox-gallery-1\"><img loading=\"lazy\" decoding=\"async\" src=\"https:\/\/sp184lodz.edu.pl\/wp-content\/uploads\/2022\/11\/22_11_29_barwy_jesieni_9-150x150.jpg\" width=\"150\" height=\"150\" alt=\"\" \/><\/a><\/div> <\/div> <\/div><\/code><\/p>\n","protected":false},"excerpt":{"rendered":"<p>Mi\u0142o nam poinformowa\u0107, \u017ce Szkolny Konkurs Plastyczny dla uczni\u00f3w z klas 1-3&#8243; Barwy jesieni&#8221; zosta\u0142 rozstrzygni\u0119ty. Wp\u0142yn\u0119\u0142o bardzo du\u017co przepi\u0119knych prac wykonanych r\u00f3\u017cnymi technikami. Dlatego te\u017c, jury konkursu mia\u0142o nie lada wyzwanie, aby dokona\u0107 oceny .<\/p>\n","protected":false},"author":4,"featured_media":0,"comment_status":"closed","ping_status":"closed","sticky":false,"template":"","format":"standard","meta":{"two_page_speed":[],"footnotes":""},"categories":[3],"tags":[241,56],"class_list":["post-13347","post","type-post","status-publish","format-standard","hentry","category-news1-3","tag-barwy-jesieni","tag-konkurs"],"_links":{"self":[{"href":"https:\/\/sp184lodz.edu.pl\/index.php\/wp-json\/wp\/v2\/posts\/13347","targetHints":{"allow":["GET"]}}],"collection":[{"href":"https:\/\/sp184lodz.edu.pl\/index.php\/wp-json\/wp\/v2\/posts"}],"about":[{"href":"https:\/\/sp184lodz.edu.pl\/index.php\/wp-json\/wp\/v2\/types\/post"}],"author":[{"embeddable":true,"href":"https:\/\/sp184lodz.edu.pl\/index.php\/wp-json\/wp\/v2\/users\/4"}],"replies":[{"embeddable":true,"href":"https:\/\/sp184lodz.edu.pl\/index.php\/wp-json\/wp\/v2\/comments?post=13347"}],"version-history":[{"count":2,"href":"https:\/\/sp184lodz.edu.pl\/index.php\/wp-json\/wp\/v2\/posts\/13347\/revisions"}],"predecessor-version":[{"id":13360,"href":"https:\/\/sp184lodz.edu.pl\/index.php\/wp-json\/wp\/v2\/posts\/13347\/revisions\/13360"}],"wp:attachment":[{"href":"https:\/\/sp184lodz.edu.pl\/index.php\/wp-json\/wp\/v2\/media?parent=13347"}],"wp:term":[{"taxonomy":"category","embeddable":true,"href":"https:\/\/sp184lodz.edu.pl\/index.php\/wp-json\/wp\/v2\/categories?post=13347"},{"taxonomy":"post_tag","embeddable":true,"href":"https:\/\/sp184lodz.edu.pl\/index.php\/wp-json\/wp\/v2\/tags?post=13347"}],"curies":[{"name":"wp","href":"https:\/\/api.w.org\/{rel}","templated":true}]}}