{"id":19849,"date":"2025-02-18T20:09:10","date_gmt":"2025-02-18T19:09:10","guid":{"rendered":"https:\/\/sp184lodz.edu.pl\/?p=19849"},"modified":"2025-03-01T18:54:43","modified_gmt":"2025-03-01T17:54:43","slug":"marian-turski-honorowy-obywatel-miasta-lodzi-nie-zyje","status":"publish","type":"post","link":"https:\/\/sp184lodz.edu.pl\/index.php\/2025\/02\/18\/marian-turski-honorowy-obywatel-miasta-lodzi-nie-zyje\/","title":{"rendered":"Marian Turski Honorowy Obywatel Miasta \u0141odzi nie \u017cyje"},"content":{"rendered":"<p><img loading=\"lazy\" decoding=\"async\" class=\"wp-image-19850 alignleft\" src=\"https:\/\/sp184lodz.edu.pl\/wp-content\/uploads\/2025\/02\/M.Turski-.png\" alt=\"\" width=\"404\" height=\"377\" srcset=\"https:\/\/sp184lodz.edu.pl\/wp-content\/uploads\/2025\/02\/M.Turski-.png 930w, https:\/\/sp184lodz.edu.pl\/wp-content\/uploads\/2025\/02\/M.Turski--300x280.png 300w, https:\/\/sp184lodz.edu.pl\/wp-content\/uploads\/2025\/02\/M.Turski--768x718.png 768w, https:\/\/sp184lodz.edu.pl\/wp-content\/uploads\/2025\/02\/M.Turski--600x561.png 600w\" sizes=\"auto, (max-width: 404px) 100vw, 404px\" \/><\/p>\n<p><span style=\"font-size: 14pt; font-family: book antiqua, palatino, serif;\"><span style=\"font-size: 12pt;\">Z ogromnym smutkiem przyj\u0119li\u015bmy informacj\u0119 o \u015bmierci<\/span><br \/>\n<\/span><\/p>\n<p><span style=\"font-size: 14pt; font-family: book antiqua, palatino, serif;\"><a href=\"https:\/\/pl.wikipedia.org\/wiki\/Marian_Turski\" target=\"_blank\" rel=\"noopener\"><span style=\"color: #000000;\"><strong>Mariana Turskiego<\/strong><\/span><\/a><strong><span style=\"color: #000000;\">,<br \/>\n<a style=\"color: #000000;\" href=\"https:\/\/lodz.pl\/artykul\/nie-zyje-marian-turski-historyk-dziennikarz-ocalaly-z-holokaustu-honorowy-obywatel-miasta-lodzi-66237\/\" target=\"_blank\" rel=\"noopener\">Honorowego Obywatela Miasta \u0141odzi<\/a>.<\/span><\/strong><\/span><\/p>\n<p><span style=\"font-size: 14pt; font-family: book antiqua, palatino, serif;\"><span style=\"font-size: 12pt;\">By\u0142 on wybitnym historykiem, dziennikarzem oraz jednym z ocala\u0142ych z obozu <img loading=\"lazy\" decoding=\"async\" class=\"wp-image-19857 alignright\" src=\"https:\/\/sp184lodz.edu.pl\/wp-content\/uploads\/2025\/02\/zaloba.png\" alt=\"\" width=\"60\" height=\"103\" \/>koncentracyjnego Auschwitz. <\/span><br \/>\n<span style=\"font-size: 12pt;\">Mia\u0142 98 lat.<\/span> <\/span><\/p>\n<p style=\"text-align: center;\"><em><span style=\"font-size: 14pt; font-family: book antiqua, palatino, serif;\">Pok\u00f3j jego duszy.<\/span><\/em><\/p>\n<p>&nbsp;<\/p>\n","protected":false},"excerpt":{"rendered":"<p>Z ogromnym smutkiem przyj\u0119li\u015bmy informacj\u0119 o \u015bmierci Mariana Turskiego, Honorowego Obywatela Miasta \u0141odzi. By\u0142 on wybitnym historykiem, dziennikarzem oraz jednym z ocala\u0142ych z obozu koncentracyjnego Auschwitz. Mia\u0142 98 lat. Pok\u00f3j jego duszy. &nbsp;<\/p>\n","protected":false},"author":1,"featured_media":0,"comment_status":"closed","ping_status":"closed","sticky":false,"template":"","format":"standard","meta":{"two_page_speed":[],"footnotes":""},"categories":[1],"tags":[407,406,9],"class_list":["post-19849","post","type-post","status-publish","format-standard","hentry","category-pil","tag-honorowy-obywatel-miasta-lodzi","tag-marian-turski","tag-sp-184-w-lodzi"],"_links":{"self":[{"href":"https:\/\/sp184lodz.edu.pl\/index.php\/wp-json\/wp\/v2\/posts\/19849","targetHints":{"allow":["GET"]}}],"collection":[{"href":"https:\/\/sp184lodz.edu.pl\/index.php\/wp-json\/wp\/v2\/posts"}],"about":[{"href":"https:\/\/sp184lodz.edu.pl\/index.php\/wp-json\/wp\/v2\/types\/post"}],"author":[{"embeddable":true,"href":"https:\/\/sp184lodz.edu.pl\/index.php\/wp-json\/wp\/v2\/users\/1"}],"replies":[{"embeddable":true,"href":"https:\/\/sp184lodz.edu.pl\/index.php\/wp-json\/wp\/v2\/comments?post=19849"}],"version-history":[{"count":13,"href":"https:\/\/sp184lodz.edu.pl\/index.php\/wp-json\/wp\/v2\/posts\/19849\/revisions"}],"predecessor-version":[{"id":19865,"href":"https:\/\/sp184lodz.edu.pl\/index.php\/wp-json\/wp\/v2\/posts\/19849\/revisions\/19865"}],"wp:attachment":[{"href":"https:\/\/sp184lodz.edu.pl\/index.php\/wp-json\/wp\/v2\/media?parent=19849"}],"wp:term":[{"taxonomy":"category","embeddable":true,"href":"https:\/\/sp184lodz.edu.pl\/index.php\/wp-json\/wp\/v2\/categories?post=19849"},{"taxonomy":"post_tag","embeddable":true,"href":"https:\/\/sp184lodz.edu.pl\/index.php\/wp-json\/wp\/v2\/tags?post=19849"}],"curies":[{"name":"wp","href":"https:\/\/api.w.org\/{rel}","templated":true}]}}