{"id":20338,"date":"2025-05-31T14:41:09","date_gmt":"2025-05-31T12:41:09","guid":{"rendered":"https:\/\/sp184lodz.edu.pl\/?p=20338"},"modified":"2025-05-31T14:41:51","modified_gmt":"2025-05-31T12:41:51","slug":"wizyta-w-jednostce-ratowniczo-gasniczej-nr-1-panstwowej-strazy-pozarnej-w-lodzi","status":"publish","type":"post","link":"https:\/\/sp184lodz.edu.pl\/index.php\/2025\/05\/31\/wizyta-w-jednostce-ratowniczo-gasniczej-nr-1-panstwowej-strazy-pozarnej-w-lodzi\/","title":{"rendered":"Wizyta w Jednostce Ratowniczo-Ga\u015bniczej Nr 1 Pa\u0144stwowej Stra\u017cy Po\u017carnej w \u0141odzi"},"content":{"rendered":"<p><img decoding=\"async\" style=\"float: left; width: 200px; margin-right: 20px; margin-top: 5px;\" src=\"https:\/\/sp184lodz.edu.pl\/wp-content\/uploads\/2025\/05\/25_05_31_straz_4.jpeg\" alt=\"\" \/><\/p>\n<div style=\"text-align: justify; font-size: 16px; margin-top: 10px; margin-bottom: 20px;\">Klasa 1b odwiedzi\u0142a w kwietniu Jednostk\u0119 Ratowniczo-Ga\u015bnicz\u0105 Nr 1 Pa\u0144stwowej Stra\u017cy Po\u017carnej w \u0141odzi, mieszcz\u0105c\u0105 si\u0119 przy Rynku Ba\u0142uckim.<br \/>\n<!--more--><br \/>\nDzieci z ogromnym zainteresowaniem s\u0142ucha\u0142y o pracy stra\u017cak\u00f3w, mog\u0142y z bliska zobaczy\u0107 specjalistyczny sprz\u0119t, przymierzy\u0107 stra\u017cacki str\u00f3j, a nawet usi\u0105\u015b\u0107 w prawdziwym wozie stra\u017cackim! To by\u0142a niezapomniana lekcja bezpiecze\u0144stwa i ogrom emocji. Serdecznie dzi\u0119kujemy za serdeczne przyj\u0119cie i podzielenie si\u0119 wiedz\u0105! &#x1f692;&#x1f525;<\/p>\n<div class=\"rl-gallery-container rl-loading\" id=\"rl-gallery-container-1\" data-gallery_id=\"20339\"> <div class=\"rl-gallery rl-basicgrid-gallery rl-hover-effect-6\" id=\"rl-gallery-1\" data-gallery_no=\"1\"> <div class=\"rl-gallery-item\"><a href=\"https:\/\/sp184lodz.edu.pl\/wp-content\/uploads\/2025\/05\/25_05_31_straz_5-rotated.jpg\" title=\"\" data-rl_title=\"\" class=\"rl-gallery-link\" data-rl_caption=\"\" data-rel=\"lightbox-gallery-1\"><img loading=\"lazy\" decoding=\"async\" src=\"https:\/\/sp184lodz.edu.pl\/wp-content\/uploads\/2025\/05\/25_05_31_straz_5-150x150.jpg\" width=\"150\" height=\"150\" alt=\"\" \/><\/a><\/div><div class=\"rl-gallery-item\"><a href=\"https:\/\/sp184lodz.edu.pl\/wp-content\/uploads\/2025\/05\/25_05_31_straz_4.jpeg\" title=\"\" data-rl_title=\"\" class=\"rl-gallery-link\" data-rl_caption=\"\" data-rel=\"lightbox-gallery-1\"><img loading=\"lazy\" decoding=\"async\" src=\"https:\/\/sp184lodz.edu.pl\/wp-content\/uploads\/2025\/05\/25_05_31_straz_4-150x150.jpeg\" width=\"150\" height=\"150\" alt=\"\" \/><\/a><\/div><div class=\"rl-gallery-item\"><a href=\"https:\/\/sp184lodz.edu.pl\/wp-content\/uploads\/2025\/05\/25_05_31_straz_1-rotated.jpg\" title=\"\" data-rl_title=\"\" class=\"rl-gallery-link\" data-rl_caption=\"\" data-rel=\"lightbox-gallery-1\"><img loading=\"lazy\" decoding=\"async\" src=\"https:\/\/sp184lodz.edu.pl\/wp-content\/uploads\/2025\/05\/25_05_31_straz_1-150x150.jpg\" width=\"150\" height=\"150\" alt=\"\" \/><\/a><\/div><div class=\"rl-gallery-item\"><a href=\"https:\/\/sp184lodz.edu.pl\/wp-content\/uploads\/2025\/05\/25_05_31_straz_2.jpeg\" title=\"\" data-rl_title=\"\" class=\"rl-gallery-link\" data-rl_caption=\"\" data-rel=\"lightbox-gallery-1\"><img loading=\"lazy\" decoding=\"async\" src=\"https:\/\/sp184lodz.edu.pl\/wp-content\/uploads\/2025\/05\/25_05_31_straz_2-150x150.jpeg\" width=\"150\" height=\"150\" alt=\"\" \/><\/a><\/div> <\/div> <\/div><\/div>\n","protected":false},"excerpt":{"rendered":"<p>Klasa 1b odwiedzi\u0142a w kwietniu Jednostk\u0119 Ratowniczo-Ga\u015bnicz\u0105 Nr 1 Pa\u0144stwowej Stra\u017cy Po\u017carnej w \u0141odzi, mieszcz\u0105c\u0105 si\u0119 przy Rynku Ba\u0142uckim.<\/p>\n","protected":false},"author":4,"featured_media":0,"comment_status":"closed","ping_status":"closed","sticky":false,"template":"","format":"standard","meta":{"two_page_speed":[],"footnotes":""},"categories":[3],"tags":[420,9],"class_list":["post-20338","post","type-post","status-publish","format-standard","hentry","category-news1-3","tag-jednostka-strazy-pozarnej","tag-sp-184-w-lodzi"],"_links":{"self":[{"href":"https:\/\/sp184lodz.edu.pl\/index.php\/wp-json\/wp\/v2\/posts\/20338","targetHints":{"allow":["GET"]}}],"collection":[{"href":"https:\/\/sp184lodz.edu.pl\/index.php\/wp-json\/wp\/v2\/posts"}],"about":[{"href":"https:\/\/sp184lodz.edu.pl\/index.php\/wp-json\/wp\/v2\/types\/post"}],"author":[{"embeddable":true,"href":"https:\/\/sp184lodz.edu.pl\/index.php\/wp-json\/wp\/v2\/users\/4"}],"replies":[{"embeddable":true,"href":"https:\/\/sp184lodz.edu.pl\/index.php\/wp-json\/wp\/v2\/comments?post=20338"}],"version-history":[{"count":3,"href":"https:\/\/sp184lodz.edu.pl\/index.php\/wp-json\/wp\/v2\/posts\/20338\/revisions"}],"predecessor-version":[{"id":20342,"href":"https:\/\/sp184lodz.edu.pl\/index.php\/wp-json\/wp\/v2\/posts\/20338\/revisions\/20342"}],"wp:attachment":[{"href":"https:\/\/sp184lodz.edu.pl\/index.php\/wp-json\/wp\/v2\/media?parent=20338"}],"wp:term":[{"taxonomy":"category","embeddable":true,"href":"https:\/\/sp184lodz.edu.pl\/index.php\/wp-json\/wp\/v2\/categories?post=20338"},{"taxonomy":"post_tag","embeddable":true,"href":"https:\/\/sp184lodz.edu.pl\/index.php\/wp-json\/wp\/v2\/tags?post=20338"}],"curies":[{"name":"wp","href":"https:\/\/api.w.org\/{rel}","templated":true}]}}