{"id":21247,"date":"2025-11-07T17:29:26","date_gmt":"2025-11-07T16:29:26","guid":{"rendered":"https:\/\/sp184lodz.edu.pl\/?p=21247"},"modified":"2025-11-07T17:41:33","modified_gmt":"2025-11-07T16:41:33","slug":"klasa-3a-w-patriotycznym-chorze-radia-lodz-zachecamy-do-glosowania-na-klase-3a","status":"publish","type":"post","link":"https:\/\/sp184lodz.edu.pl\/index.php\/2025\/11\/07\/klasa-3a-w-patriotycznym-chorze-radia-lodz-zachecamy-do-glosowania-na-klase-3a\/","title":{"rendered":"Klasa 3a w Patriotycznym Ch\u00f3rze Radia \u0141\u00f3d\u017a. Zach\u0119camy do g\u0142osowania na klas\u0119 3a!"},"content":{"rendered":"<p><center><iframe loading=\"lazy\" title=\"Patriotyczny Ch\u00f3r Radia \u0141\u00f3d\u017a, edycja IV - &quot;My pierwsza brygada&quot; - wyk. SP 184 w \u0141odzi kl. 3a\" width=\"500\" height=\"281\" src=\"https:\/\/www.youtube.com\/embed\/Y5-XBn8VIZs?feature=oembed\" frameborder=\"0\" allow=\"accelerometer; autoplay; clipboard-write; encrypted-media; gyroscope; picture-in-picture; web-share\" referrerpolicy=\"strict-origin-when-cross-origin\" allowfullscreen><\/iframe><\/center><\/p>\n<div style=\"text-align: center; color: #ad2da1; font-size: 18px; margin-top: 0px; margin-bottom: 20px;\">G\u0142osujcie na klas\u0119 3a na Youtube pod linkiem: <a href=\"https:\/\/youtu.be\/Y5-XBn8VIZs?si=dBTcgPfaHccdWfkO\">link<\/a>. Wystarczy LAJK!<\/div>\n<p><!--more--><br \/>\nJu\u017c po raz drugi nasza klasa 3a wzi\u0119\u0142a udzia\u0142 w Patriotycznym Ch\u00f3rze Radia \u0141\u00f3d\u017a! To wspania\u0142a inicjatywa, kt\u00f3ra nie tylko kszta\u0142tuje postawy patriotyczne, ale tak\u017ce stanowi doskona\u0142\u0105 <b>promocj\u0119 naszej szko\u0142y w ca\u0142ym wojew\u00f3dztwie.<\/b><br \/>\nUczniowie z dum\u0105 za\u015bpiewali pie\u015b\u0144 <b>\u201eMy, pierwsza brygada\u201d,<\/b> a ich wyst\u0119p mo\u017cna obejrze\u0107 na YouTube.<br \/>\n<span style=\"color:red\"> <b>Zach\u0119camy do oddawania g\u0142os\u00f3w na klas\u0119 3a!<\/b><\/span><br \/>\nCh\u00f3r, kt\u00f3ry zdob\u0119dzie najwi\u0119cej polubie\u0144, otrzyma nagrod\u0119 publiczno\u015bci.<br \/>\n\ufe0f G\u0142osowanie trwa <b>do 23 listopada<\/b> \u2013 ka\u017cdy \u201elajk\u201d ma znaczenie! <\/p>\n<p>Wychowawca,<br \/>\nBarbara \u015awider<\/p>\n","protected":false},"excerpt":{"rendered":"<p>G\u0142osujcie na klas\u0119 3a na Youtube pod linkiem: link. Wystarczy LAJK!<\/p>\n","protected":false},"author":4,"featured_media":0,"comment_status":"closed","ping_status":"closed","sticky":false,"template":"","format":"standard","meta":{"two_page_speed":[],"footnotes":""},"categories":[1,3],"tags":[450,9],"class_list":["post-21247","post","type-post","status-publish","format-standard","hentry","category-pil","category-news1-3","tag-chor-radia-lodz","tag-sp-184-w-lodzi"],"_links":{"self":[{"href":"https:\/\/sp184lodz.edu.pl\/index.php\/wp-json\/wp\/v2\/posts\/21247","targetHints":{"allow":["GET"]}}],"collection":[{"href":"https:\/\/sp184lodz.edu.pl\/index.php\/wp-json\/wp\/v2\/posts"}],"about":[{"href":"https:\/\/sp184lodz.edu.pl\/index.php\/wp-json\/wp\/v2\/types\/post"}],"author":[{"embeddable":true,"href":"https:\/\/sp184lodz.edu.pl\/index.php\/wp-json\/wp\/v2\/users\/4"}],"replies":[{"embeddable":true,"href":"https:\/\/sp184lodz.edu.pl\/index.php\/wp-json\/wp\/v2\/comments?post=21247"}],"version-history":[{"count":18,"href":"https:\/\/sp184lodz.edu.pl\/index.php\/wp-json\/wp\/v2\/posts\/21247\/revisions"}],"predecessor-version":[{"id":21266,"href":"https:\/\/sp184lodz.edu.pl\/index.php\/wp-json\/wp\/v2\/posts\/21247\/revisions\/21266"}],"wp:attachment":[{"href":"https:\/\/sp184lodz.edu.pl\/index.php\/wp-json\/wp\/v2\/media?parent=21247"}],"wp:term":[{"taxonomy":"category","embeddable":true,"href":"https:\/\/sp184lodz.edu.pl\/index.php\/wp-json\/wp\/v2\/categories?post=21247"},{"taxonomy":"post_tag","embeddable":true,"href":"https:\/\/sp184lodz.edu.pl\/index.php\/wp-json\/wp\/v2\/tags?post=21247"}],"curies":[{"name":"wp","href":"https:\/\/api.w.org\/{rel}","templated":true}]}}