{"id":21413,"date":"2025-12-04T17:33:51","date_gmt":"2025-12-04T16:33:51","guid":{"rendered":"https:\/\/sp184lodz.edu.pl\/?p=21413"},"modified":"2025-12-04T17:33:51","modified_gmt":"2025-12-04T16:33:51","slug":"szkolny-konkurs-plastyczny-barwy-jesieni-2","status":"publish","type":"post","link":"https:\/\/sp184lodz.edu.pl\/index.php\/2025\/12\/04\/szkolny-konkurs-plastyczny-barwy-jesieni-2\/","title":{"rendered":"Szkolny Konkurs Plastyczny \u201eBarwy jesieni\u201d"},"content":{"rendered":"<p><img decoding=\"async\" class=\"\" style=\"float: left; width: 189px; margin-right: 20px; margin-top: 5px;\" src=\"https:\/\/sp184lodz.edu.pl\/wp-content\/uploads\/2025\/12\/25_12_03_barwy_6.jpg\" alt=\"\" height=\"118\" \/><\/p>\n<div style=\"text-align: justify; font-size: 18px; margin-top: 0px; margin-bottom: 20px;\"><span style=\"font-size: 12pt;\">Mi\u0142o nam poinformowa\u0107, \u017ce Szkolny Konkurs Plastyczny \u201eBarwy jesieni\u201d zosta\u0142 rozstrzygni\u0119ty. Wp\u0142yn\u0119\u0142o bardzo du\u017co przepi\u0119knych prac, kt\u00f3re mo\u017cna by\u0142o obejrze\u0107 przy szkolnej portierni.<\/span><\/div>\n<p><!--more--><\/p>\n<div style=\"text-align: justify; font-size: 18px; margin-top: 0px; margin-bottom: 20px;\"><span style=\"font-size: 12pt;\">Jury konkursu mia\u0142o nie lada wyzwanie, aby dokona\u0107 oceny.<br \/>\nWszystkim uczestnikom serdecznie dzi\u0119kujemy a zwyci\u0119zcom gratulujemy.<\/p>\n<p><b>MIEJSCA I W KATEGORII KLAS I:<\/b><br \/>\nOsimowicz Adam klasa 1A<br \/>\nStarzy\u0144ski Mi\u0142osz klasa 1C<br \/>\nWarzocha Ignacy klasa 1B<br \/>\n<b>MIEJSCA II W KATEGORII KLAS I:<\/b><br \/>\nChojnacka Hanna klasa 1A<br \/>\nMakyeyev Daniel klasa 1E<br \/>\nWarszakowska Wiktoria klasa 1B<br \/>\n<b>MIEJSCA III W KATEGORII KLAS I:<\/b><br \/>\nChojnacka Ola klasa 1A<br \/>\nKuczy\u0144ska Hanna klasa 1B<br \/>\nLoska Adam klasa 1B<br \/>\nSmyczek Maja klasa 1A<br \/>\nKLASY II:<br \/>\n<b>I MIEJSCA W KATEGORII KLAS II:<\/b><br \/>\nKacper Kaczmarczyk klasa 2D<br \/>\nStolarek Danusia klasa 2C<br \/>\n<b>II MIEJSCA W KATEGORII KLAS II:<\/b><br \/>\nFlorczak Kuba klasa 2E<br \/>\nKarbownik Wiktoria klasa 2E<br \/>\n<b>III MIEJSCE W KATEGORII KLAS II:<\/b><br \/>\nZieli\u0144ska Laura klasa 2A<br \/>\nKLASY III:<br \/>\n<b>I MIEJSCA W KATEGORII KLAS III:<\/b><br \/>\nWarzocha Antonina klasa 3D<br \/>\nNadia Pewca klasa 3D<br \/>\nMastalerz Natalia klasa 3D<br \/>\nParuszewska Emma klasa 3D<br \/>\n<b>II MIEJSCE W KATEGORII KLAS III:<\/b><br \/>\nLiliana Wolna klasa klasa 3D<br \/>\n<b>III MIEJSCE W KATEGORII KLAS III:<\/b><br \/>\nEmilka Materak klasa 3B<br \/>\nPozosta\u0142e prace zosta\u0142y wyr\u00f3\u017cnione<br \/>\nOrganizatorzy: Gra\u017cyna Gli\u015bci\u0144ska i Anna Podeszwa<\/span><\/div>\n<div class=\"rl-gallery-container rl-loading\" id=\"rl-gallery-container-1\" data-gallery_id=\"21417\"> <div class=\"rl-gallery rl-basicgrid-gallery rl-hover-effect-6\" id=\"rl-gallery-1\" data-gallery_no=\"1\"> <div class=\"rl-gallery-item\"><a href=\"https:\/\/sp184lodz.edu.pl\/wp-content\/uploads\/2025\/12\/25_12_03_barwy_1.jpg\" title=\"\" data-rl_title=\"\" class=\"rl-gallery-link\" data-rl_caption=\"\" data-rel=\"lightbox-gallery-1\"><img loading=\"lazy\" decoding=\"async\" src=\"https:\/\/sp184lodz.edu.pl\/wp-content\/uploads\/2025\/12\/25_12_03_barwy_1-150x150.jpg\" width=\"150\" height=\"150\" alt=\"\" \/><\/a><\/div><div class=\"rl-gallery-item\"><a href=\"https:\/\/sp184lodz.edu.pl\/wp-content\/uploads\/2025\/12\/25_12_03_barwy_6.jpg\" title=\"\" data-rl_title=\"\" class=\"rl-gallery-link\" data-rl_caption=\"\" data-rel=\"lightbox-gallery-1\"><img loading=\"lazy\" decoding=\"async\" src=\"https:\/\/sp184lodz.edu.pl\/wp-content\/uploads\/2025\/12\/25_12_03_barwy_6-150x150.jpg\" width=\"150\" height=\"150\" alt=\"\" \/><\/a><\/div><div class=\"rl-gallery-item\"><a href=\"https:\/\/sp184lodz.edu.pl\/wp-content\/uploads\/2025\/12\/25_12_03_barwy_5.jpg\" title=\"\" data-rl_title=\"\" class=\"rl-gallery-link\" data-rl_caption=\"\" data-rel=\"lightbox-gallery-1\"><img loading=\"lazy\" decoding=\"async\" src=\"https:\/\/sp184lodz.edu.pl\/wp-content\/uploads\/2025\/12\/25_12_03_barwy_5-150x150.jpg\" width=\"150\" height=\"150\" alt=\"\" \/><\/a><\/div><div class=\"rl-gallery-item\"><a href=\"https:\/\/sp184lodz.edu.pl\/wp-content\/uploads\/2025\/12\/25_12_03_barwy_4.jpg\" title=\"\" data-rl_title=\"\" class=\"rl-gallery-link\" data-rl_caption=\"\" data-rel=\"lightbox-gallery-1\"><img loading=\"lazy\" decoding=\"async\" src=\"https:\/\/sp184lodz.edu.pl\/wp-content\/uploads\/2025\/12\/25_12_03_barwy_4-150x150.jpg\" width=\"150\" height=\"150\" alt=\"\" \/><\/a><\/div><div class=\"rl-gallery-item\"><a href=\"https:\/\/sp184lodz.edu.pl\/wp-content\/uploads\/2025\/12\/25_12_03_barwy_3.jpg\" title=\"\" data-rl_title=\"\" class=\"rl-gallery-link\" data-rl_caption=\"\" data-rel=\"lightbox-gallery-1\"><img loading=\"lazy\" decoding=\"async\" src=\"https:\/\/sp184lodz.edu.pl\/wp-content\/uploads\/2025\/12\/25_12_03_barwy_3-150x150.jpg\" width=\"150\" height=\"150\" alt=\"\" \/><\/a><\/div><div class=\"rl-gallery-item\"><a href=\"https:\/\/sp184lodz.edu.pl\/wp-content\/uploads\/2025\/12\/25_12_03_barwy_2.jpg\" title=\"\" data-rl_title=\"\" class=\"rl-gallery-link\" data-rl_caption=\"\" data-rel=\"lightbox-gallery-1\"><img loading=\"lazy\" decoding=\"async\" src=\"https:\/\/sp184lodz.edu.pl\/wp-content\/uploads\/2025\/12\/25_12_03_barwy_2-150x150.jpg\" width=\"150\" height=\"150\" alt=\"\" \/><\/a><\/div> <\/div> <\/div>\n","protected":false},"excerpt":{"rendered":"<p>Mi\u0142o nam poinformowa\u0107, \u017ce Szkolny Konkurs Plastyczny \u201eBarwy jesieni\u201d zosta\u0142 rozstrzygni\u0119ty. Wp\u0142yn\u0119\u0142o bardzo du\u017co przepi\u0119knych prac, kt\u00f3re mo\u017cna by\u0142o obejrze\u0107 przy szkolnej portierni.<\/p>\n","protected":false},"author":4,"featured_media":0,"comment_status":"closed","ping_status":"closed","sticky":false,"template":"","format":"standard","meta":{"two_page_speed":[],"footnotes":""},"categories":[3],"tags":[241,9],"class_list":["post-21413","post","type-post","status-publish","format-standard","hentry","category-news1-3","tag-barwy-jesieni","tag-sp-184-w-lodzi"],"_links":{"self":[{"href":"https:\/\/sp184lodz.edu.pl\/index.php\/wp-json\/wp\/v2\/posts\/21413","targetHints":{"allow":["GET"]}}],"collection":[{"href":"https:\/\/sp184lodz.edu.pl\/index.php\/wp-json\/wp\/v2\/posts"}],"about":[{"href":"https:\/\/sp184lodz.edu.pl\/index.php\/wp-json\/wp\/v2\/types\/post"}],"author":[{"embeddable":true,"href":"https:\/\/sp184lodz.edu.pl\/index.php\/wp-json\/wp\/v2\/users\/4"}],"replies":[{"embeddable":true,"href":"https:\/\/sp184lodz.edu.pl\/index.php\/wp-json\/wp\/v2\/comments?post=21413"}],"version-history":[{"count":4,"href":"https:\/\/sp184lodz.edu.pl\/index.php\/wp-json\/wp\/v2\/posts\/21413\/revisions"}],"predecessor-version":[{"id":21418,"href":"https:\/\/sp184lodz.edu.pl\/index.php\/wp-json\/wp\/v2\/posts\/21413\/revisions\/21418"}],"wp:attachment":[{"href":"https:\/\/sp184lodz.edu.pl\/index.php\/wp-json\/wp\/v2\/media?parent=21413"}],"wp:term":[{"taxonomy":"category","embeddable":true,"href":"https:\/\/sp184lodz.edu.pl\/index.php\/wp-json\/wp\/v2\/categories?post=21413"},{"taxonomy":"post_tag","embeddable":true,"href":"https:\/\/sp184lodz.edu.pl\/index.php\/wp-json\/wp\/v2\/tags?post=21413"}],"curies":[{"name":"wp","href":"https:\/\/api.w.org\/{rel}","templated":true}]}}