{"id":22328,"date":"2026-09-01T16:06:15","date_gmt":"2026-09-01T14:06:15","guid":{"rendered":"https:\/\/sp184lodz.edu.pl\/?p=22328"},"modified":"2026-09-01T16:07:38","modified_gmt":"2026-09-01T14:07:38","slug":"informacja-dotyczaca-zasad-korzystania-z-obiadow-szkolnych","status":"publish","type":"post","link":"https:\/\/sp184lodz.edu.pl\/index.php\/2026\/09\/01\/informacja-dotyczaca-zasad-korzystania-z-obiadow-szkolnych\/","title":{"rendered":"Informacja dotycz\u0105ca zasad korzystania z obiad\u00f3w szkolnych"},"content":{"rendered":"<p><span style=\"font-size: 14pt;\"><strong><img loading=\"lazy\" decoding=\"async\" class=\" wp-image-18534 alignleft\" src=\"https:\/\/sp184lodz.edu.pl\/wp-content\/uploads\/2024\/09\/obiady.png\" alt=\"\" width=\"227\" height=\"155\" srcset=\"https:\/\/sp184lodz.edu.pl\/wp-content\/uploads\/2024\/09\/obiady.png 372w, https:\/\/sp184lodz.edu.pl\/wp-content\/uploads\/2024\/09\/obiady-300x205.png 300w\" sizes=\"auto, (max-width: 227px) 100vw, 227px\" \/><span style=\"font-size: 18pt; color: #339966;\">Szanowni Pa\u0144stwo,<\/span><\/strong><\/span><\/p>\n<p><span style=\"font-size: 18pt; color: #339966;\"><strong>Przedszkole Miejskie Nr 231<br \/>\ninformuje:<\/strong><\/span><\/p>\n<p><!--more--><\/p>\n<ol>\n<li><span style=\"color: #339966;\">Stawka \u017cywieniowa od dnia 01.09.2026 r. do odwo\u0142ania b\u0119dzie wynosi\u0107 <strong>5,00 z\u0142.<\/strong><\/span><\/li>\n<li><span style=\"color: #339966;\">Op\u0142aty za obiady b\u0119d\u0105 realizowane przez rodzic\u00f3w przelewem na konto Przedszkola tj: <strong>63 1240 1037 1111 0011 0912 5485<\/strong><\/span><\/li>\n<li><span style=\"color: #339966;\">Wydawanie obiad\u00f3w dla SP 184 odbywa\u0107 si\u0119 b\u0119dzie od dnia <strong>08.09.2026 r.<\/strong><\/span><\/li>\n<li><span style=\"color: #339966;\">W dniu <strong>08.09.2026 r.<\/strong> obiad zostanie wydany tylko tym osobom, kt\u00f3re do pi\u0105tku, <strong>04.09.2026 r. do godziny 12.00<\/strong> dostarcz\u0105 podpisan\u0105 umow\u0119 z przedszkolem do plac\u00f3wki PM231.<\/span><\/li>\n<li><span style=\"color: #339966;\">W przypadku alergii pokarmowych nale\u017cy dostarczy\u0107, wraz z dokumentami zapisu na obiady szkolne, aktualne za\u015bwiadczenie, (Za\u0142\u0105cznik 1) podpisane przez Rodzica, zawieraj\u0105ce list\u0119 produkt\u00f3w wykluczonych. Brak tych dokument\u00f3w b\u0119dzie skutkowa\u0142 nieprzygotowaniem posi\u0142ku zgodnego z zaleceniami.<\/span><br \/>\n<span style=\"color: #339966;\"><strong>Osoby, kt\u00f3re maj\u0105 zaleg\u0142o\u015bci we wp\u0142atach, mimo dostarczenia umowy, nie otrzymaj\u0105 obiadu.<\/strong><\/span><\/li>\n<li><span style=\"color: #339966;\">Umowa na obiady szkolne wraz z regulaminem oraz og\u0142oszeniem dla rodzic\u00f3w b\u0119dzie dost\u0119pna do pobrania na stronie internetowej Szko\u0142y Podstawowej Nr 184 oraz na stronie internetowej Przedszkola Miejskiego 231w zak\u0142adce: K\u0105cik rodzica\/Jad\u0142ospis szko\u0142a\/ (<span style=\"color: #0000ff;\"><strong><a style=\"color: #0000ff;\" href=\"https:\/\/pm231lodz.wikom.pl\/strona\/jadlospis-szkola\" target=\"_blank\" rel=\"noopener\">https:\/\/pm231lodz.wikom.pl\/strona\/jadlospis-szkola<\/a><\/strong><\/span>).<\/span><\/li>\n<li><span style=\"color: #339966;\">Nieobecno\u015b\u0107 dziecka nale\u017cy zg\u0142osi\u0107 z wyprzedzeniem, najp\u00f3\u017aniej do godziny 9:00 w dniu nieobecno\u015bci dziecka. Od 01.09.2025 zg\u0142aszanie nieobecno\u015bci lub uzyskanie informacji na temat op\u0142aty za posi\u0142ki mo\u017cna zrealizowa\u0107 i otrzyma\u0107 tylko i wy\u0142\u0105cznie poprzez wiadomo\u015b\u0107 email lub poprzez system iOp\u0142aty (dlatego prosimy o czytelne wype\u0142nienie pola \u201eadres e-mail\u201d- na ten adres przyjdzie do Pa\u0144stwa wiadomo\u015b\u0107 z danymi do logowania do systemu iOp\u0142aty). Prosimy w tytule wiadomo\u015bci e-mail umie\u015bci\u0107 informacj\u0119: \u201eodpis\/odwo\u0142anie obiadu\u201d- wiadomo\u015b\u0107 e-mail musi zosta\u0107 dostarczona na nasz\u0105 poczt\u0119 do godziny 9:00 w dniu, w kt\u00f3rym dziecko b\u0119dzie nieobecne. Brak informacji o nieobecno\u015bci, lub informacja zg\u0142oszona po godzinie 9:00, b\u0119d\u0105 traktowane jak wykorzystany posi\u0142ek.<\/span><\/li>\n<li><span style=\"color: #339966;\">Adres email dotycz\u0105cy obiad\u00f3w szkolnych <a style=\"color: #339966;\" href=\"mailto:obiady.szkolne@pm231.elodz.edu.pl\" target=\"_blank\" rel=\"noopener\"><span style=\"color: #0000ff;\"><strong>obiady.szkolne@pm231.elodz.edu.pl<\/strong><\/span><\/a><\/span><\/li>\n<\/ol>\n","protected":false},"excerpt":{"rendered":"<p>Szanowni Pa\u0144stwo, Przedszkole Miejskie Nr 231 informuje:<\/p>\n","protected":false},"author":1,"featured_media":0,"comment_status":"closed","ping_status":"closed","sticky":false,"template":"","format":"standard","meta":{"two_page_speed":[],"footnotes":""},"categories":[1,8],"tags":[82,474,9],"class_list":["post-22328","post","type-post","status-publish","format-standard","hentry","category-pil","category-wazne","tag-obiady","tag-przedszkole-miejskie-231","tag-sp-184-w-lodzi"],"_links":{"self":[{"href":"https:\/\/sp184lodz.edu.pl\/index.php\/wp-json\/wp\/v2\/posts\/22328","targetHints":{"allow":["GET"]}}],"collection":[{"href":"https:\/\/sp184lodz.edu.pl\/index.php\/wp-json\/wp\/v2\/posts"}],"about":[{"href":"https:\/\/sp184lodz.edu.pl\/index.php\/wp-json\/wp\/v2\/types\/post"}],"author":[{"embeddable":true,"href":"https:\/\/sp184lodz.edu.pl\/index.php\/wp-json\/wp\/v2\/users\/1"}],"replies":[{"embeddable":true,"href":"https:\/\/sp184lodz.edu.pl\/index.php\/wp-json\/wp\/v2\/comments?post=22328"}],"version-history":[{"count":3,"href":"https:\/\/sp184lodz.edu.pl\/index.php\/wp-json\/wp\/v2\/posts\/22328\/revisions"}],"predecessor-version":[{"id":22331,"href":"https:\/\/sp184lodz.edu.pl\/index.php\/wp-json\/wp\/v2\/posts\/22328\/revisions\/22331"}],"wp:attachment":[{"href":"https:\/\/sp184lodz.edu.pl\/index.php\/wp-json\/wp\/v2\/media?parent=22328"}],"wp:term":[{"taxonomy":"category","embeddable":true,"href":"https:\/\/sp184lodz.edu.pl\/index.php\/wp-json\/wp\/v2\/categories?post=22328"},{"taxonomy":"post_tag","embeddable":true,"href":"https:\/\/sp184lodz.edu.pl\/index.php\/wp-json\/wp\/v2\/tags?post=22328"}],"curies":[{"name":"wp","href":"https:\/\/api.w.org\/{rel}","templated":true}]}}