{"id":4210,"date":"2018-04-16T13:09:40","date_gmt":"2018-04-16T11:09:40","guid":{"rendered":"http:\/\/sp184lodz.edu.pl\/?p=4210"},"modified":"2018-04-16T13:09:40","modified_gmt":"2018-04-16T11:09:40","slug":"prawomocni","status":"publish","type":"post","link":"https:\/\/sp184lodz.edu.pl\/index.php\/2018\/04\/16\/prawomocni\/","title":{"rendered":"PRAWOMOCNI"},"content":{"rendered":"<h3 style=\"text-align: center;\">\u201eKa\u017cdy ma prawo by\u0107 mocnym w prawie\u201d<img loading=\"lazy\" decoding=\"async\" class=\"size-medium wp-image-4211 aligncenter\" title=\"\" src=\"http:\/\/sp184lodz.edu.pl\/wp-content\/uploads\/2018\/04\/Prawomoni-2018-300x240.jpg\" alt=\"\" width=\"300\" height=\"240\" srcset=\"https:\/\/sp184lodz.edu.pl\/wp-content\/uploads\/2018\/04\/Prawomoni-2018-300x240.jpg 300w, https:\/\/sp184lodz.edu.pl\/wp-content\/uploads\/2018\/04\/Prawomoni-2018.jpg 331w\" sizes=\"auto, (max-width: 300px) 100vw, 300px\" \/><\/h3>\n<p><!--more--><\/p>\n<p>15 marca jest og\u00f3lnopolskim dniem Edukacji Prawniczej, ale dla Nas jeden dzie\u0144, to za ma\u0142o. Dlatego te\u017c og\u0142aszamy <strong>kwiecie\u0144 miesi\u0105cem Edukacji Prawniczej w Szkole Podstawowej nr 184 w \u0141odzi<\/strong>.<br \/>\nKa\u017cda klasa przygotowuje do 27 kwietnia 2018r. k\u0105cik prawniczy lub gazetk\u0119 klasow\u0105 dotycz\u0105ca interesuj\u0105cego zagadnienia z obszaru prawa.\u00a0 Najciekawsze prace zostan\u0105 wyr\u00f3\u017cnione i nagrodzone.<br \/>\nPogadanki i zaj\u0119cia dla klas z zakresu odpowiedzialno\u015bci prawnej nieletnich i bezpiecze\u0144stwa s\u0105 realizowane na bie\u017c\u0105co przez psychologa i pedagoga szkolnego. Niemniej jednak tym razem, to wychowawcy wprowadz\u0105 uczni\u00f3w w t\u0105 problematyk\u0119 podczas godziny wychowawczej i zach\u0119c\u0105 ich do samodzielnego poszukiwania informacji. Aby\u015bmy mogli dobrze uczy\u0107 jak post\u0119powa\u0107 zgodnie z prawem, to i my wci\u0105\u017c musimy aktualizowa\u0107 swoj\u0105 wiedz\u0119. W dniu 17 kwietnia 2017 roku odb\u0119dzie si\u0119 spotkanie rady pedagogicznej z prawnikiem.<br \/>\nDodatkowo, w ramach obchod\u00f3w miesi\u0105ca Edukacji Prawnej zaplanowano przygotowanie specjalnej tablicy informacyjnej dla rodzic\u00f3w z podstaw prawa.<\/p>\n<p>Ju\u017c dzi\u015b zach\u0119camy wszystkich ch\u0119tnych do wspierania dzia\u0142a\u0144, aktywnego uczestnictwa i zwi\u0119kszania swojej \u015bwiadomo\u015bci prawnej.<\/p>\n<p style=\"text-align: right;\"><em>Koordynatorzy dzia\u0142a\u0144:<\/em><\/p>\n<ul>\n<li style=\"text-align: right;\"><em>Mariola R\u017canek &#8211; pedagog<\/em><\/li>\n<li style=\"text-align: right;\"><em>Izabela Szafarczyk &#8211; psycholog<\/em><\/li>\n<\/ul>\n","protected":false},"excerpt":{"rendered":"<p>\u201eKa\u017cdy ma prawo by\u0107 mocnym w prawie\u201d<\/p>\n","protected":false},"author":1,"featured_media":0,"comment_status":"closed","ping_status":"closed","sticky":false,"template":"","format":"standard","meta":{"two_page_speed":[],"footnotes":""},"categories":[8,16],"tags":[],"class_list":["post-4210","post","type-post","status-publish","format-standard","hentry","category-wazne","category-newsy"],"_links":{"self":[{"href":"https:\/\/sp184lodz.edu.pl\/index.php\/wp-json\/wp\/v2\/posts\/4210","targetHints":{"allow":["GET"]}}],"collection":[{"href":"https:\/\/sp184lodz.edu.pl\/index.php\/wp-json\/wp\/v2\/posts"}],"about":[{"href":"https:\/\/sp184lodz.edu.pl\/index.php\/wp-json\/wp\/v2\/types\/post"}],"author":[{"embeddable":true,"href":"https:\/\/sp184lodz.edu.pl\/index.php\/wp-json\/wp\/v2\/users\/1"}],"replies":[{"embeddable":true,"href":"https:\/\/sp184lodz.edu.pl\/index.php\/wp-json\/wp\/v2\/comments?post=4210"}],"version-history":[{"count":1,"href":"https:\/\/sp184lodz.edu.pl\/index.php\/wp-json\/wp\/v2\/posts\/4210\/revisions"}],"predecessor-version":[{"id":4212,"href":"https:\/\/sp184lodz.edu.pl\/index.php\/wp-json\/wp\/v2\/posts\/4210\/revisions\/4212"}],"wp:attachment":[{"href":"https:\/\/sp184lodz.edu.pl\/index.php\/wp-json\/wp\/v2\/media?parent=4210"}],"wp:term":[{"taxonomy":"category","embeddable":true,"href":"https:\/\/sp184lodz.edu.pl\/index.php\/wp-json\/wp\/v2\/categories?post=4210"},{"taxonomy":"post_tag","embeddable":true,"href":"https:\/\/sp184lodz.edu.pl\/index.php\/wp-json\/wp\/v2\/tags?post=4210"}],"curies":[{"name":"wp","href":"https:\/\/api.w.org\/{rel}","templated":true}]}}