{"id":4399,"date":"2018-05-16T10:35:38","date_gmt":"2018-05-16T08:35:38","guid":{"rendered":"http:\/\/sp184lodz.edu.pl\/?p=4399"},"modified":"2018-05-16T16:48:12","modified_gmt":"2018-05-16T14:48:12","slug":"konkurs-foto-3","status":"publish","type":"post","link":"https:\/\/sp184lodz.edu.pl\/index.php\/2018\/05\/16\/konkurs-foto-3\/","title":{"rendered":"Konkurs FOTO"},"content":{"rendered":"<h3 style=\"text-align: center;\"><span style=\"color: #0000ff;\"><strong><img loading=\"lazy\" decoding=\"async\" class=\"alignleft size-full wp-image-1085\" src=\"http:\/\/sp184lodz.edu.pl\/wp-content\/uploads\/2017\/04\/animfoto.gif\" alt=\"\" width=\"80\" height=\"65\" \/>\u201e\u0141\u00d3D\u0179 W OBIEKTYWIE &#8211; 2018\u201d<br \/>\n<\/strong><strong>V KONKURS FOTOGRAFICZNY<br \/>\n<\/strong><\/span><\/h3>\n<p><strong>Zapraszam do udzia\u0142u w konkursie <\/strong>Uczni\u00f3w <strong>klas I &#8211; III<\/strong> i klas <strong>IV &#8211; VII<\/strong> naszej szko\u0142y<\/p>\n<p><!--more--><\/p>\n<p><strong>Organizatorem konkursu jest <\/strong>Szko\u0142a Podstawowa nr 101 w \u0141odzi.<\/p>\n<p style=\"text-align: center;\"><span style=\"color: #800080;\"><strong>Temat pracy konkursowej<br \/>\n<\/strong><\/span><\/p>\n<h1 style=\"text-align: center;\"><strong><span style=\"color: #800080;\">Kulturalne wydarzenia \u0141odzi<\/span> <\/strong><\/h1>\n<p><strong>Struktura i przebieg konkursu<\/strong><\/p>\n<ul>\n<li>Ka\u017cdy z uczni\u00f3w mo\u017ce wykona\u0107 i przekaza\u0107 <span style=\"color: #ff0000;\"><strong>1 zdj\u0119cie barwne lub czarno-bia\u0142e<\/strong>.<\/span><\/li>\n<li>Do zdj\u0119cia nale\u017cy do\u0142\u0105czy\u0107 kart\u0119 zg\u0142oszenia.<\/li>\n<li>Ucze\u0144 wywo\u0142uje fotografi\u0119 w <span style=\"color: #ff0000;\"><strong>formacie 21<\/strong><strong>x<\/strong><strong>30<\/strong>.<\/span><\/li>\n<\/ul>\n<p><strong>Terminarz konkursu<\/strong><\/p>\n<p>Termin dostarczenia prac wraz za\u0142\u0105czon\u0105 kart\u0105 zg\u0142oszenia \u2013 <span style=\"color: #ff0000;\"><strong>do 30.05.2018r.<\/strong><\/span><br \/>\n(osobi\u015bcie n-la informatyki pana Krzysztof Dzierbickiego)<\/p>\n<p>Wyniki konkursu zostan\u0105 og\u0142oszone podczas wernisa\u017cu \u2013 we wrze\u015bniu 2018r.<\/p>\n<p style=\"text-align: center;\"><strong><em>Organizatorzy przewiduj\u0105 dla zwyci\u0119zc\u00f3w atrakcyjne nagrody!<\/em><\/strong><\/p>\n<p style=\"text-align: center;\"><strong>Koordynatorem konkursu w naszej szkole jest n-l informatyki pan Krzysztof Dzierbicki<\/strong><\/p>\n<p><a href=\"http:\/\/edukator.dzierbicki.pl\/wp-content\/uploads\/2018\/05\/oswiadczenie.pdf\" target=\"_blank\" rel=\"noopener\"><strong><em>pobierz<\/em><\/strong><\/a><\/p>\n","protected":false},"excerpt":{"rendered":"<p>\u201e\u0141\u00d3D\u0179 W OBIEKTYWIE &#8211; 2018\u201d V KONKURS FOTOGRAFICZNY Zapraszam do udzia\u0142u w konkursie Uczni\u00f3w klas I &#8211; III i klas IV &#8211; VII naszej szko\u0142y<\/p>\n","protected":false},"author":1,"featured_media":0,"comment_status":"closed","ping_status":"closed","sticky":false,"template":"","format":"standard","meta":{"two_page_speed":[],"footnotes":""},"categories":[15,8],"tags":[23],"class_list":["post-4399","post","type-post","status-publish","format-standard","hentry","category-konkursy","category-wazne","tag-lodz-w-obiektywie-2018-kulturalne-wydarzenia-lodzi"],"_links":{"self":[{"href":"https:\/\/sp184lodz.edu.pl\/index.php\/wp-json\/wp\/v2\/posts\/4399","targetHints":{"allow":["GET"]}}],"collection":[{"href":"https:\/\/sp184lodz.edu.pl\/index.php\/wp-json\/wp\/v2\/posts"}],"about":[{"href":"https:\/\/sp184lodz.edu.pl\/index.php\/wp-json\/wp\/v2\/types\/post"}],"author":[{"embeddable":true,"href":"https:\/\/sp184lodz.edu.pl\/index.php\/wp-json\/wp\/v2\/users\/1"}],"replies":[{"embeddable":true,"href":"https:\/\/sp184lodz.edu.pl\/index.php\/wp-json\/wp\/v2\/comments?post=4399"}],"version-history":[{"count":3,"href":"https:\/\/sp184lodz.edu.pl\/index.php\/wp-json\/wp\/v2\/posts\/4399\/revisions"}],"predecessor-version":[{"id":4459,"href":"https:\/\/sp184lodz.edu.pl\/index.php\/wp-json\/wp\/v2\/posts\/4399\/revisions\/4459"}],"wp:attachment":[{"href":"https:\/\/sp184lodz.edu.pl\/index.php\/wp-json\/wp\/v2\/media?parent=4399"}],"wp:term":[{"taxonomy":"category","embeddable":true,"href":"https:\/\/sp184lodz.edu.pl\/index.php\/wp-json\/wp\/v2\/categories?post=4399"},{"taxonomy":"post_tag","embeddable":true,"href":"https:\/\/sp184lodz.edu.pl\/index.php\/wp-json\/wp\/v2\/tags?post=4399"}],"curies":[{"name":"wp","href":"https:\/\/api.w.org\/{rel}","templated":true}]}}