{"id":4656,"date":"2018-04-27T14:57:05","date_gmt":"2018-04-27T12:57:05","guid":{"rendered":"http:\/\/sp184lodz.edu.pl\/?p=4656"},"modified":"2018-06-06T15:03:49","modified_gmt":"2018-06-06T13:03:49","slug":"wycieczka-klasy-5b","status":"publish","type":"post","link":"https:\/\/sp184lodz.edu.pl\/index.php\/2018\/04\/27\/wycieczka-klasy-5b\/","title":{"rendered":"Wycieczka klasy 5b"},"content":{"rendered":"<p style=\"text-align: center;\"><strong><img loading=\"lazy\" decoding=\"async\" class=\" wp-image-4659 aligncenter\" src=\"http:\/\/sp184lodz.edu.pl\/wp-content\/uploads\/2018\/06\/3.png\" alt=\"\" width=\"450\" height=\"231\" srcset=\"https:\/\/sp184lodz.edu.pl\/wp-content\/uploads\/2018\/06\/3.png 957w, https:\/\/sp184lodz.edu.pl\/wp-content\/uploads\/2018\/06\/3-300x154.png 300w, https:\/\/sp184lodz.edu.pl\/wp-content\/uploads\/2018\/06\/3-768x395.png 768w\" sizes=\"auto, (max-width: 450px) 100vw, 450px\" \/>26 kwietnia nasza klasa&#8230;<\/strong><\/p>\n<p><strong><!--more--><\/strong><\/p>\n<p><strong> wybra\u0142a si\u0119 do Muzeum Powstania Warszawskiego.<\/strong><\/p>\n<p>Plac\u00f3wka powsta\u0142a w 1936 jako oddzia\u0142 Muzeum Narodowego pod nazw\u0105 <i>MUZEUM DAWNEJ WARSZAWY.<\/i><\/p>\n<p><i>W latach 2010\u20132012 przeprowadzono ca\u0142o\u015bciow\u0105 renowacj\u0119 piwnic znajduj\u0105cych si\u0119 w g\u0142\u00f3wnej siedzibie muzeum pod o\u015bmioma kamienicami po stronie Dekerta, obejmuj\u0105cych powierzchni\u0119 1142 m\u00b2. Podczas prowadzonych wykopalisk archeologicznych odnaleziono skarb sk\u0142adaj\u0105cy si\u0119 z 1211 monet wybitych pomi\u0119dzy pierwsz\u0105 po\u0142ow\u0105 XVII wieku a pocz\u0105tkiem XVIII wieku (najm\u0142odszymi numizmatami by\u0142y dwugrosze <\/i><i>Augusta II Mocnego<\/i><i> z 1707). Natrafiono tak\u017ce na studni\u0119 z drugiej po\u0142owy XVII wieku.<\/i><\/p>\n<p><i>W kwietniu 2014 nazw\u0119 plac\u00f3wki zmieniono na Muzeum Warszawy.<\/i><\/p>\n<p>R\u00f3\u017cnorodne zbiory z zakresu: archeologii, malarstwa, grafiki, ikonografii, rze\u017aby, rzemios\u0142a artystycznego, numizmatyki i rysunk\u00f3w architektonicznych, przekraczaj\u0105 obecnie liczb\u0119 250 tys. obiekt\u00f3w. Do czasu rozpocz\u0119cia remontu piwnic MW w kwietniu 2010 varsaviana by\u0142y udost\u0119pniane na ekspozycji sta\u0142ej <i>Siedem wiek\u00f3w Warszawy<\/i>, pokazuj\u0105cej dzieje miasta od jego za\u0142o\u017cenia po czasy wsp\u00f3\u0142czesne. Zbiory eksponowane by\u0142y tak\u017ce na wystawach czasowych.<\/p>\n<p>Poza dzia\u0142alno\u015bci\u0105 ekspozycyjn\u0105 muzeum ma poka\u017any dorobek wydawniczy (m.in. wydaje uhonorowan\u0105 w 2010 Nagrod\u0105 Klio seri\u0119 \u201eBiblioteka Warszawska\u201d), a tak\u017ce liczne publikacje po\u015bwi\u0119cone zbiorom w\u0142asnym i dziejom Warszawy. MW organizuje lekcje i konkursy dla szk\u00f3\u0142 oraz otwarte wyk\u0142ady w Centrum Interpretacji Zabytku (m.in. o spo\u0142ecze\u0144stwie Warszawy, warszawskiej kartografii, architekturze mieszkalnej, pomnikach, dobrach kultury, transporcie publicznym, a tak\u017ce o muzeach g\u0142\u00f3wnych miast europejskich), projekcje filmowe i cykle spacer\u00f3w (po\u015bwi\u0119cone m.in. historycznym ogrodom, dekoracjom architektonicznym, kamienicom, architekturze sportowej, szyldom i ich typografii). Jest tak\u017ce organizatorem konferencji naukowych. Uczestniczy we wszystkich znacz\u0105cych wydarzeniach warszawskich: Nocy Muze\u00f3w, Pikniku Naukowym Polskiego Radia i Centrum Nauki Kopernik.<\/p>\n<div id='gallery-1' class='gallery galleryid-4656 gallery-columns-3 gallery-size-thumbnail'><figure class='gallery-item'>\n\t\t\t<div class='gallery-icon landscape'>\n\t\t\t\t<a href='https:\/\/sp184lodz.edu.pl\/wp-content\/uploads\/2018\/06\/3.png' title=\"\" data-rl_title=\"\" class=\"rl-gallery-link\" data-rl_caption=\"\" data-rel=\"lightbox-gallery-1\"><img loading=\"lazy\" decoding=\"async\" width=\"150\" height=\"150\" src=\"https:\/\/sp184lodz.edu.pl\/wp-content\/uploads\/2018\/06\/3-150x150.png\" class=\"attachment-thumbnail size-thumbnail\" alt=\"\" srcset=\"https:\/\/sp184lodz.edu.pl\/wp-content\/uploads\/2018\/06\/3-150x150.png 150w, https:\/\/sp184lodz.edu.pl\/wp-content\/uploads\/2018\/06\/3-400x400.png 400w\" sizes=\"auto, (max-width: 150px) 100vw, 150px\" \/><\/a>\n\t\t\t<\/div><\/figure><figure class='gallery-item'>\n\t\t\t<div class='gallery-icon landscape'>\n\t\t\t\t<a href='https:\/\/sp184lodz.edu.pl\/wp-content\/uploads\/2018\/06\/2.png' title=\"\" data-rl_title=\"\" class=\"rl-gallery-link\" data-rl_caption=\"\" data-rel=\"lightbox-gallery-1\"><img loading=\"lazy\" decoding=\"async\" width=\"150\" height=\"150\" src=\"https:\/\/sp184lodz.edu.pl\/wp-content\/uploads\/2018\/06\/2-150x150.png\" class=\"attachment-thumbnail size-thumbnail\" alt=\"\" srcset=\"https:\/\/sp184lodz.edu.pl\/wp-content\/uploads\/2018\/06\/2-150x150.png 150w, https:\/\/sp184lodz.edu.pl\/wp-content\/uploads\/2018\/06\/2-400x400.png 400w\" sizes=\"auto, (max-width: 150px) 100vw, 150px\" \/><\/a>\n\t\t\t<\/div><\/figure><figure class='gallery-item'>\n\t\t\t<div class='gallery-icon landscape'>\n\t\t\t\t<a href='https:\/\/sp184lodz.edu.pl\/wp-content\/uploads\/2018\/06\/1.png' title=\"\" data-rl_title=\"\" class=\"rl-gallery-link\" data-rl_caption=\"\" data-rel=\"lightbox-gallery-1\"><img loading=\"lazy\" decoding=\"async\" width=\"150\" height=\"150\" src=\"https:\/\/sp184lodz.edu.pl\/wp-content\/uploads\/2018\/06\/1-150x150.png\" class=\"attachment-thumbnail size-thumbnail\" alt=\"\" srcset=\"https:\/\/sp184lodz.edu.pl\/wp-content\/uploads\/2018\/06\/1-150x150.png 150w, https:\/\/sp184lodz.edu.pl\/wp-content\/uploads\/2018\/06\/1-400x400.png 400w\" sizes=\"auto, (max-width: 150px) 100vw, 150px\" \/><\/a>\n\t\t\t<\/div><\/figure>\n\t\t<\/div>\n\n<ul>\n<li><strong>Wed\u0142ug nas warto zwiedzi\u0107 Muzeum Powstania Warszawskiego.<\/strong><\/li>\n<li><strong>Mo\u017cna dowiedzie\u0107 si\u0119 r\u00f3\u017cnych interesuj\u0105cych rzeczy, o kt\u00f3rych nie mieli\u015bmy do tej pory poj\u0119cia.<\/strong><\/li>\n<li><strong>Znajduje si\u0119 tam du\u017co ciekawych eksponat\u00f3w, kt\u00f3re przyczyniaj\u0105 si\u0119 do poznania historii.<\/strong><\/li>\n<\/ul>\n<p style=\"text-align: right;\"><em><strong>Opracowa\u0142y:<\/strong><\/em><\/p>\n<p style=\"text-align: right;\"><em><strong>Aleksandra Parka \u00a0i\u00a0 Ada Szyma\u0144ska<\/strong><\/em><\/p>\n","protected":false},"excerpt":{"rendered":"<p>26 kwietnia nasza klasa&#8230;<\/p>\n","protected":false},"author":1,"featured_media":0,"comment_status":"closed","ping_status":"closed","sticky":false,"template":"","format":"standard","meta":{"two_page_speed":[],"footnotes":""},"categories":[8,4],"tags":[],"class_list":["post-4656","post","type-post","status-publish","format-standard","hentry","category-wazne","category-news4-8"],"_links":{"self":[{"href":"https:\/\/sp184lodz.edu.pl\/index.php\/wp-json\/wp\/v2\/posts\/4656","targetHints":{"allow":["GET"]}}],"collection":[{"href":"https:\/\/sp184lodz.edu.pl\/index.php\/wp-json\/wp\/v2\/posts"}],"about":[{"href":"https:\/\/sp184lodz.edu.pl\/index.php\/wp-json\/wp\/v2\/types\/post"}],"author":[{"embeddable":true,"href":"https:\/\/sp184lodz.edu.pl\/index.php\/wp-json\/wp\/v2\/users\/1"}],"replies":[{"embeddable":true,"href":"https:\/\/sp184lodz.edu.pl\/index.php\/wp-json\/wp\/v2\/comments?post=4656"}],"version-history":[{"count":1,"href":"https:\/\/sp184lodz.edu.pl\/index.php\/wp-json\/wp\/v2\/posts\/4656\/revisions"}],"predecessor-version":[{"id":4660,"href":"https:\/\/sp184lodz.edu.pl\/index.php\/wp-json\/wp\/v2\/posts\/4656\/revisions\/4660"}],"wp:attachment":[{"href":"https:\/\/sp184lodz.edu.pl\/index.php\/wp-json\/wp\/v2\/media?parent=4656"}],"wp:term":[{"taxonomy":"category","embeddable":true,"href":"https:\/\/sp184lodz.edu.pl\/index.php\/wp-json\/wp\/v2\/categories?post=4656"},{"taxonomy":"post_tag","embeddable":true,"href":"https:\/\/sp184lodz.edu.pl\/index.php\/wp-json\/wp\/v2\/tags?post=4656"}],"curies":[{"name":"wp","href":"https:\/\/api.w.org\/{rel}","templated":true}]}}