{"id":4730,"date":"2018-06-11T12:17:00","date_gmt":"2018-06-11T10:17:00","guid":{"rendered":"http:\/\/sp184lodz.edu.pl\/?p=4730"},"modified":"2018-06-11T12:17:00","modified_gmt":"2018-06-11T10:17:00","slug":"program-dobry-start-300-dla-ucznia","status":"publish","type":"post","link":"https:\/\/sp184lodz.edu.pl\/index.php\/2018\/06\/11\/program-dobry-start-300-dla-ucznia\/","title":{"rendered":"Program \u201eDobry Start\u201d \u2013 300 dla ucznia"},"content":{"rendered":"<p><img loading=\"lazy\" decoding=\"async\" class=\"alignleft  wp-image-4732\" src=\"http:\/\/sp184lodz.edu.pl\/wp-content\/uploads\/2018\/06\/Dobry-Start_plakat-1.jpg\" alt=\"\" width=\"351\" height=\"180\" srcset=\"https:\/\/sp184lodz.edu.pl\/wp-content\/uploads\/2018\/06\/Dobry-Start_plakat-1.jpg 1800w, https:\/\/sp184lodz.edu.pl\/wp-content\/uploads\/2018\/06\/Dobry-Start_plakat-1-300x154.jpg 300w, https:\/\/sp184lodz.edu.pl\/wp-content\/uploads\/2018\/06\/Dobry-Start_plakat-1-768x394.jpg 768w, https:\/\/sp184lodz.edu.pl\/wp-content\/uploads\/2018\/06\/Dobry-Start_plakat-1-1024x526.jpg 1024w\" sizes=\"auto, (max-width: 351px) 100vw, 351px\" \/>W ramach rz\u0105dowego programu \u201eDobry Start\u201d na wszystkich uczni\u00f3w rozpoczynaj\u0105cych rok szkolny przys\u0142uguje jednorazowe wsparcie w wysoko\u015bci 300 z\u0142. \u015awiadczenie to przys\u0142uguje na ka\u017cde dziecko ucz\u0105ce si\u0119 w\u00a0szkole, do uko\u0144czenia 20. roku \u017cycia, dla dzieci niepe\u0142nosprawnych &#8211; do uko\u0144czenia 24. roku \u017cycia. Wsparcie przys\u0142uguje niezale\u017cnie od posiadanego dochodu.<\/p>\n<p><strong>Jak dosta\u0107 \u015bwiadczenie dobry start?<\/strong><\/p>\n<p><!--more--><\/p>\n<p>Aby otrzyma\u0107 wsparcie, nale\u017cy z\u0142o\u017cy\u0107 wniosek. Mo\u017ce to zrobi\u0107 mama lub tata dziecka, opiekun prawny lub opiekun faktyczny dziecka, a w przypadku dzieci przebywaj\u0105cych w\u00a0pieczy zast\u0119pczej \u2013 rodzic zast\u0119pczy, osoba prowadz\u0105ca rodzinny dom dziecka lub dyrektor plac\u00f3wki opieku\u0144czo-wychowawczej.<\/p>\n<p><strong>Kiedy i jak z\u0142o\u017cy\u0107 wniosek?<\/strong><\/p>\n<p><strong>Nie musisz i\u015b\u0107 do urz\u0119du. Ju\u017c<\/strong> <strong>od 1 lipca 2018 r. mo\u017cesz z\u0142o\u017cy\u0107 wniosek on-line przez bankowo\u015b\u0107 elektroniczn\u0105 lub przez stron\u0119 Ministerstwa Rodziny, Pracy i Polityki Spo\u0142ecznej <a href=\"http:\/\/www.empatia.mrpips.gov.pl\/\">www.empatia.mrpips.gov.pl<\/a><\/strong><\/p>\n<p>Od 1 sierpnia 2018 r. mo\u017cna sk\u0142ada\u0107 wnioski drog\u0105 tradycyjn\u0105 (papierow\u0105) w punktach przyj\u0119\u0107 wniosk\u00f3w Centrum \u015awiadcze\u0144 Socjalnych w \u0141odzi.<\/p>\n<p>W przypadku dzieci przebywaj\u0105cych w pieczy zast\u0119pczej wnioski nale\u017cy sk\u0142ada\u0107 w Miejskim O\u015brodku Pomocy Spo\u0142ecznej w \u0141odzi.<\/p>\n<p>Wniosek nale\u017cy z\u0142o\u017cy\u0107 do 30 listopada 2018 r.<\/p>\n<p><strong>Wa\u017cne!<\/strong> Z\u0142o\u017cenie wniosku w lipcu i sierpniu to gwarancja wyp\u0142aty \u015bwiadczenia nie p\u00f3\u017aniej ni\u017c do 30 wrze\u015bnia.<\/p>\n<p>\u015awiadczenie nie przys\u0142uguje na dzieci ucz\u0119szczaj\u0105ce do przedszkola oraz realizuj\u0105ce roczne przygotowanie przedszkolne w tzw. zer\u00f3wce w przedszkolu lub szkole.<\/p>\n<p>Szczeg\u00f3\u0142owe informacje mo\u017cna uzyska\u0107 w Centrum \u015awiadcze\u0144 Socjalnych w \u0141odzi na stronie <a href=\"http:\/\/www.css.samorzad.lodz.pl\/\">www.css.samorzad.lodz.pl<\/a>, tel. 042\u00a0638 59 69<\/p>\n<p><img loading=\"lazy\" decoding=\"async\" class=\"alignleft size-full wp-image-4731\" src=\"http:\/\/sp184lodz.edu.pl\/wp-content\/uploads\/2018\/06\/list.jpg\" alt=\"\" width=\"1996\" height=\"3222\" srcset=\"https:\/\/sp184lodz.edu.pl\/wp-content\/uploads\/2018\/06\/list.jpg 1996w, https:\/\/sp184lodz.edu.pl\/wp-content\/uploads\/2018\/06\/list-186x300.jpg 186w, https:\/\/sp184lodz.edu.pl\/wp-content\/uploads\/2018\/06\/list-768x1240.jpg 768w, https:\/\/sp184lodz.edu.pl\/wp-content\/uploads\/2018\/06\/list-634x1024.jpg 634w\" sizes=\"auto, (max-width: 1996px) 100vw, 1996px\" \/><\/p>\n","protected":false},"excerpt":{"rendered":"<p>W ramach rz\u0105dowego programu \u201eDobry Start\u201d na wszystkich uczni\u00f3w rozpoczynaj\u0105cych rok szkolny przys\u0142uguje jednorazowe wsparcie w wysoko\u015bci 300 z\u0142. \u015awiadczenie to przys\u0142uguje na ka\u017cde dziecko ucz\u0105ce si\u0119 w\u00a0szkole, do uko\u0144czenia 20. roku \u017cycia, dla dzieci niepe\u0142nosprawnych &#8211; do uko\u0144czenia 24. <a href=\"https:\/\/sp184lodz.edu.pl\/index.php\/2018\/06\/11\/program-dobry-start-300-dla-ucznia\/\" class=\"read-more\">czytaj wi\u0119cej &#8230;<\/a><\/p>\n","protected":false},"author":1,"featured_media":0,"comment_status":"closed","ping_status":"closed","sticky":false,"template":"","format":"standard","meta":{"two_page_speed":[],"footnotes":""},"categories":[8],"tags":[],"class_list":["post-4730","post","type-post","status-publish","format-standard","hentry","category-wazne"],"_links":{"self":[{"href":"https:\/\/sp184lodz.edu.pl\/index.php\/wp-json\/wp\/v2\/posts\/4730","targetHints":{"allow":["GET"]}}],"collection":[{"href":"https:\/\/sp184lodz.edu.pl\/index.php\/wp-json\/wp\/v2\/posts"}],"about":[{"href":"https:\/\/sp184lodz.edu.pl\/index.php\/wp-json\/wp\/v2\/types\/post"}],"author":[{"embeddable":true,"href":"https:\/\/sp184lodz.edu.pl\/index.php\/wp-json\/wp\/v2\/users\/1"}],"replies":[{"embeddable":true,"href":"https:\/\/sp184lodz.edu.pl\/index.php\/wp-json\/wp\/v2\/comments?post=4730"}],"version-history":[{"count":1,"href":"https:\/\/sp184lodz.edu.pl\/index.php\/wp-json\/wp\/v2\/posts\/4730\/revisions"}],"predecessor-version":[{"id":4733,"href":"https:\/\/sp184lodz.edu.pl\/index.php\/wp-json\/wp\/v2\/posts\/4730\/revisions\/4733"}],"wp:attachment":[{"href":"https:\/\/sp184lodz.edu.pl\/index.php\/wp-json\/wp\/v2\/media?parent=4730"}],"wp:term":[{"taxonomy":"category","embeddable":true,"href":"https:\/\/sp184lodz.edu.pl\/index.php\/wp-json\/wp\/v2\/categories?post=4730"},{"taxonomy":"post_tag","embeddable":true,"href":"https:\/\/sp184lodz.edu.pl\/index.php\/wp-json\/wp\/v2\/tags?post=4730"}],"curies":[{"name":"wp","href":"https:\/\/api.w.org\/{rel}","templated":true}]}}