{"id":4821,"date":"2018-06-15T10:07:07","date_gmt":"2018-06-15T08:07:07","guid":{"rendered":"http:\/\/sp184lodz.edu.pl\/?p=4821"},"modified":"2018-06-20T08:33:18","modified_gmt":"2018-06-20T06:33:18","slug":"harmonogram-zakonczenia-roku-szkolnego-2017-2018","status":"publish","type":"post","link":"https:\/\/sp184lodz.edu.pl\/index.php\/2018\/06\/15\/harmonogram-zakonczenia-roku-szkolnego-2017-2018\/","title":{"rendered":"Harmonogram zako\u0144czenia roku szkolnego 2017\/2018"},"content":{"rendered":"<p><a name=\"harmonogram\"><\/a><\/p>\n<p style=\"text-align: center;\"><strong><u>ZAKO\u0143CZENIE ROKU SZKOLNEGO 2017\/2018<\/u><\/strong><br \/>\n<img loading=\"lazy\" decoding=\"async\" class=\"wp-image-4823 aligncenter\" title=\"\" src=\"http:\/\/sp184lodz.edu.pl\/wp-content\/uploads\/2018\/06\/sp184_zakonczenie-roku-szkolnego.jpg\" alt=\"\" width=\"365\" height=\"152\" srcset=\"https:\/\/sp184lodz.edu.pl\/wp-content\/uploads\/2018\/06\/sp184_zakonczenie-roku-szkolnego.jpg 900w, https:\/\/sp184lodz.edu.pl\/wp-content\/uploads\/2018\/06\/sp184_zakonczenie-roku-szkolnego-300x125.jpg 300w, https:\/\/sp184lodz.edu.pl\/wp-content\/uploads\/2018\/06\/sp184_zakonczenie-roku-szkolnego-768x320.jpg 768w\" sizes=\"auto, (max-width: 365px) 100vw, 365px\" \/><\/p>\n<p style=\"text-align: center;\">Zako\u0144czenie roku odb\u0119dzie si\u0119 w szkolnej jadalni,<br \/>\ngdzie zapraszamy<br \/>\nnauczycieli, uczni\u00f3w, rodzic\u00f3w, Rad\u0119 Rodzic\u00f3w.<\/p>\n<p><!--more--><\/p>\n<p><strong>Kl.1-3 &#8211; 21.06.2018 (czwartek)<\/strong><\/p>\n<ul>\n<li>1-2 godz. 16.30-17.30 (30 minut jadalnia, 30 minut sala)<\/li>\n<li>3 godz. 17.30-18.30 (30 minut jadalnia, w sali zgodnie z potrzeb\u0105)<\/li>\n<\/ul>\n<p><strong>Kl.4-7- 22.06.2018 (pi\u0105tek)<\/strong><\/p>\n<ul>\n<li>00 \u2013\u00a0 msza w ko\u015bciele dla wszystkich ch\u0119tnych<\/li>\n<li>4-5 godz. 9.00-11.00 (1 godz. w jadalni, 50 minut w sali)<\/li>\n<li>6-7 godz. 11.00-13.00 (1 godz. w jadalni, w sali w zale\u017cno\u015bci od potrzeb)<\/li>\n<\/ul>\n<p><strong><u>SALE PODCZAS ZAKO\u0143CZENIA ROKU:<\/u><\/strong><\/p>\n<p><strong>21.06.2018 godz. 16.30<\/strong><\/p>\n<ul>\n<li>1a \u2013 u siebie 110C<\/li>\n<li>1b \u2013 u siebie 007C<\/li>\n<li>1c \u2013 u siebie 006C<\/li>\n<li>1d \u2013 u siebie 105C<\/li>\n<li>2a \u2013 u siebie 104C<\/li>\n<li>2b \u2013 u siebie 008C<\/li>\n<\/ul>\n<p><strong>21.06.2018 godz. 17.30<\/strong><\/p>\n<ul>\n<li>3a \u2013 u siebie 109C<\/li>\n<li>3b \u2013 u siebie 005C<\/li>\n<li>3c \u2013 u siebie 004C<\/li>\n<li>3d \u2013 sala 101B<\/li>\n<li>3e \u2013 sala 103B<\/li>\n<li>3f \u2013 sala 104B<\/li>\n<\/ul>\n<p><strong>22.06.2018 godz. 9.00 &#8211; 11.00<\/strong><\/p>\n<ul>\n<li>4a \u2013 sala 108A<\/li>\n<li>4b \u2013 sala 106A<\/li>\n<li>4c \u2013 sala 103B<\/li>\n<li>4d \u2013 sala 101B<\/li>\n<li>4e \u2013 sala 104A<\/li>\n<\/ul>\n<p>Klasy czwarte o godz. 10.50 opuszczaj\u0105 dan\u0105 sal\u0119, aby mog\u0142y wej\u015b\u0107 nast\u0119pne.<\/p>\n<ul>\n<li>5a \u2013 sala 105B<\/li>\n<li>5b \u2013 sala 111A<\/li>\n<li>5c \u2013 sala 107B<\/li>\n<\/ul>\n<p><strong>22.06.2018 godz. 11.00 &#8211; 13.00<\/strong><\/p>\n<ul>\n<li>6a \u2013 sala 103B<\/li>\n<li>6b \u2013 sala 106A<\/li>\n<li>6c \u2013 sala 104B<\/li>\n<li>7a \u2013 sala 108A<\/li>\n<li>7b \u2013 sala 109B<\/li>\n<li>7c \u2013 sala 104A<\/li>\n<\/ul>\n","protected":false},"excerpt":{"rendered":"<p>ZAKO\u0143CZENIE ROKU SZKOLNEGO 2017\/2018 Zako\u0144czenie roku odb\u0119dzie si\u0119 w szkolnej jadalni, gdzie zapraszamy nauczycieli, uczni\u00f3w, rodzic\u00f3w, Rad\u0119 Rodzic\u00f3w.<\/p>\n","protected":false},"author":1,"featured_media":0,"comment_status":"closed","ping_status":"closed","sticky":false,"template":"","format":"standard","meta":{"two_page_speed":[],"footnotes":""},"categories":[1,8],"tags":[],"class_list":["post-4821","post","type-post","status-publish","format-standard","hentry","category-pil","category-wazne"],"_links":{"self":[{"href":"https:\/\/sp184lodz.edu.pl\/index.php\/wp-json\/wp\/v2\/posts\/4821","targetHints":{"allow":["GET"]}}],"collection":[{"href":"https:\/\/sp184lodz.edu.pl\/index.php\/wp-json\/wp\/v2\/posts"}],"about":[{"href":"https:\/\/sp184lodz.edu.pl\/index.php\/wp-json\/wp\/v2\/types\/post"}],"author":[{"embeddable":true,"href":"https:\/\/sp184lodz.edu.pl\/index.php\/wp-json\/wp\/v2\/users\/1"}],"replies":[{"embeddable":true,"href":"https:\/\/sp184lodz.edu.pl\/index.php\/wp-json\/wp\/v2\/comments?post=4821"}],"version-history":[{"count":4,"href":"https:\/\/sp184lodz.edu.pl\/index.php\/wp-json\/wp\/v2\/posts\/4821\/revisions"}],"predecessor-version":[{"id":4922,"href":"https:\/\/sp184lodz.edu.pl\/index.php\/wp-json\/wp\/v2\/posts\/4821\/revisions\/4922"}],"wp:attachment":[{"href":"https:\/\/sp184lodz.edu.pl\/index.php\/wp-json\/wp\/v2\/media?parent=4821"}],"wp:term":[{"taxonomy":"category","embeddable":true,"href":"https:\/\/sp184lodz.edu.pl\/index.php\/wp-json\/wp\/v2\/categories?post=4821"},{"taxonomy":"post_tag","embeddable":true,"href":"https:\/\/sp184lodz.edu.pl\/index.php\/wp-json\/wp\/v2\/tags?post=4821"}],"curies":[{"name":"wp","href":"https:\/\/api.w.org\/{rel}","templated":true}]}}