{"id":5236,"date":"2018-08-27T14:06:58","date_gmt":"2018-08-27T12:06:58","guid":{"rendered":"http:\/\/sp184lodz.edu.pl\/?p=5236"},"modified":"2018-08-27T14:32:52","modified_gmt":"2018-08-27T12:32:52","slug":"harmonogram-rozpoczecia-roku-szkolnego-2018-2019","status":"publish","type":"post","link":"https:\/\/sp184lodz.edu.pl\/index.php\/2018\/08\/27\/harmonogram-rozpoczecia-roku-szkolnego-2018-2019\/","title":{"rendered":"Harmonogram rozpocz\u0119cia roku szkolnego 2018\/2019"},"content":{"rendered":"<p><strong>3.09.2018r. (poniedzia\u0142ek) \u2013 uroczyste rozpocz\u0119cie roku szkolnego<\/strong><\/p>\n<p><strong>\u00a0<\/strong>8:00 \u2013 Msza \u015awi\u0119ta w ko\u015bciele p. w. Naj\u015bwi\u0119tszego Sakramentu<\/p>\n<p><strong>Klasy 4 \u2013 8 <\/strong><\/p>\n<p><strong>9:15\u00a0 9:45\u00a0 <\/strong>Spotkanie z wychowawc\u0105 w klasie \u2013 zbi\u00f3rka w szatni i przej\u015bcie z wychowawc\u0105 do sali<br \/>\n<strong>9:50\u2013 10.20 <\/strong>Uroczysto\u015b\u0107 rozpocz\u0119cia roku szkolnego na patio szko\u0142y lub w sali gimnastycznej- w zale\u017cno\u015bci od pogody (uczniowie przychodz\u0105 z wychowawc\u0105)<br \/>\n<strong>10:25 <\/strong>Opuszczenie terenu szko\u0142y<\/p>\n<p><strong>Klasy 1-3<\/strong><\/p>\n<p><strong>10.45 \u2013 11:10 <\/strong>Spotkanie z wychowawc\u0105 w klasie \u2013 zbi\u00f3rka w szatni i przej\u015bcie z wychowawc\u0105 do sali<br \/>\n<strong>11:15 \u2013 11.40 <\/strong>Uroczysto\u015b\u0107 rozpocz\u0119cia roku szkolnego na patio szko\u0142y lub w Sali gimnastycznej w przypadku deszczu (uczniowie przychodz\u0105 z wychowawc\u0105)<br \/>\n<strong>11:45 <\/strong>Opuszczenie terenu szko\u0142y<\/p>\n<p>Klasa\u00a0 1d ma rozpocz\u0119cie w sali 101B- zwiedzanie w\u0142asnej sali po zako\u0144czeniu uroczysto\u015bci.<\/p>\n<p><strong><img loading=\"lazy\" decoding=\"async\" class=\"alignleft  wp-image-5240\" title=\"\" src=\"http:\/\/sp184lodz.edu.pl\/wp-content\/uploads\/2018\/08\/gala.png\" alt=\"\" width=\"102\" height=\"137\" srcset=\"https:\/\/sp184lodz.edu.pl\/wp-content\/uploads\/2018\/08\/gala.png 537w, https:\/\/sp184lodz.edu.pl\/wp-content\/uploads\/2018\/08\/gala-223x300.png 223w\" sizes=\"auto, (max-width: 102px) 100vw, 102px\" \/>UWAGA!<\/strong><\/p>\n<p><strong>Wszystkich uczni\u00f3w obowi\u0105zuje str\u00f3j galowy.<\/strong><\/p>\n<p><strong>Uczniowie ca\u0142y czas pozostaj\u0105 pod opiek\u0105 wychowawc\u00f3w (w sali i na patio).<br \/>\nW przypadku deszczu rozpocz\u0119cie odb\u0119dzie si\u0119 na \u015bredniej\u00a0 sali gimnastycznej<\/strong><\/p>\n","protected":false},"excerpt":{"rendered":"<p>3.09.2018r. (poniedzia\u0142ek) \u2013 uroczyste rozpocz\u0119cie roku szkolnego \u00a08:00 \u2013 Msza \u015awi\u0119ta w ko\u015bciele p. w. Naj\u015bwi\u0119tszego Sakramentu Klasy 4 \u2013 8 9:15\u00a0 9:45\u00a0 Spotkanie z wychowawc\u0105 w klasie \u2013 zbi\u00f3rka w szatni i przej\u015bcie z wychowawc\u0105 do sali 9:50\u2013 10.20 <a href=\"https:\/\/sp184lodz.edu.pl\/index.php\/2018\/08\/27\/harmonogram-rozpoczecia-roku-szkolnego-2018-2019\/\" class=\"read-more\">czytaj wi\u0119cej &#8230;<\/a><\/p>\n","protected":false},"author":1,"featured_media":5239,"comment_status":"closed","ping_status":"closed","sticky":false,"template":"","format":"standard","meta":{"two_page_speed":[],"footnotes":""},"categories":[1],"tags":[],"class_list":["post-5236","post","type-post","status-publish","format-standard","has-post-thumbnail","hentry","category-pil"],"_links":{"self":[{"href":"https:\/\/sp184lodz.edu.pl\/index.php\/wp-json\/wp\/v2\/posts\/5236","targetHints":{"allow":["GET"]}}],"collection":[{"href":"https:\/\/sp184lodz.edu.pl\/index.php\/wp-json\/wp\/v2\/posts"}],"about":[{"href":"https:\/\/sp184lodz.edu.pl\/index.php\/wp-json\/wp\/v2\/types\/post"}],"author":[{"embeddable":true,"href":"https:\/\/sp184lodz.edu.pl\/index.php\/wp-json\/wp\/v2\/users\/1"}],"replies":[{"embeddable":true,"href":"https:\/\/sp184lodz.edu.pl\/index.php\/wp-json\/wp\/v2\/comments?post=5236"}],"version-history":[{"count":3,"href":"https:\/\/sp184lodz.edu.pl\/index.php\/wp-json\/wp\/v2\/posts\/5236\/revisions"}],"predecessor-version":[{"id":5242,"href":"https:\/\/sp184lodz.edu.pl\/index.php\/wp-json\/wp\/v2\/posts\/5236\/revisions\/5242"}],"wp:featuredmedia":[{"embeddable":true,"href":"https:\/\/sp184lodz.edu.pl\/index.php\/wp-json\/wp\/v2\/media\/5239"}],"wp:attachment":[{"href":"https:\/\/sp184lodz.edu.pl\/index.php\/wp-json\/wp\/v2\/media?parent=5236"}],"wp:term":[{"taxonomy":"category","embeddable":true,"href":"https:\/\/sp184lodz.edu.pl\/index.php\/wp-json\/wp\/v2\/categories?post=5236"},{"taxonomy":"post_tag","embeddable":true,"href":"https:\/\/sp184lodz.edu.pl\/index.php\/wp-json\/wp\/v2\/tags?post=5236"}],"curies":[{"name":"wp","href":"https:\/\/api.w.org\/{rel}","templated":true}]}}