{"id":5330,"date":"2018-09-20T11:35:10","date_gmt":"2018-09-20T09:35:10","guid":{"rendered":"http:\/\/sp184lodz.edu.pl\/?p=5330"},"modified":"2018-09-23T16:25:01","modified_gmt":"2018-09-23T14:25:01","slug":"uwaga-konkurs-fotograficzny","status":"publish","type":"post","link":"https:\/\/sp184lodz.edu.pl\/index.php\/2018\/09\/20\/uwaga-konkurs-fotograficzny\/","title":{"rendered":"UWAGA!!! Konkurs Fotograficzny"},"content":{"rendered":"<p style=\"text-align: center;\"><span style=\"color: #00ff00;\"><strong>Zapraszam do udzia\u0142u w konkursie fotograficznym<\/strong><\/span><br \/>\n<span style=\"color: #3366ff;\"><strong>&#8222;CZYSTA WODA WOK\u00d3\u0141 NAS&#8221;<\/strong><\/span><\/p>\n<p><img loading=\"lazy\" decoding=\"async\" class=\"size-full aligncenter\" src=\"http:\/\/sp184lodz.edu.pl\/WODA.jpg\" width=\"447\" height=\"297\" \/><\/p>\n<p><!--more--><\/p>\n<p style=\"text-align: center;\"><span style=\"color: #993366;\"><strong><u>T<\/u><\/strong><strong><u>EMATYKA<\/u><\/strong><strong><u> K<\/u><\/strong><strong><u>ONKURSU<\/u><\/strong><strong><u>:<\/u><\/strong><\/span><\/p>\n<h2 style=\"text-align: center;\"><span style=\"color: #993366;\">Woda \u2013 \u017ar\u00f3d\u0142o \u017cycia i r\u00f3\u017cnorodno\u015bci<\/span><\/h2>\n<p style=\"text-align: center;\"><strong>Prac\u0119 prosz\u0119 dostarczy\u0107 w <span style=\"color: #ff0000;\"><u>formie odbitek<\/u> <u>fotograficznych<\/u><\/span> w formacie 20&#215;30 cm oraz <span style=\"color: #ff0000;\"><u>w formie elektronicznej<\/u> <\/span>na za\u0142\u0105czonej do odbitek p\u0142ycie CD.<\/strong><\/p>\n<p><span style=\"color: #0000ff;\"><u>Prace papierowe<\/u> musz\u0105 by\u0107 opisane na odwrocie<\/span><\/p>\n<p><span style=\"color: #0000ff;\"><strong>&#8211; nr zdj\u0119cia, imi\u0119, nazwisko, tytu\u0142, szko\u0142a, klasa, telefon kontaktowy, e-mail.<\/strong><\/span><\/p>\n<p><span style=\"color: #800080;\"><u>Pliki na p\u0142ycie<\/u> prosz\u0119 nazywa\u0107 wg nast\u0119puj\u0105cego klucza:<\/span><\/p>\n<p><span style=\"color: #800080;\"><strong>imie_nazwisko_lat_nr_zdj\u0119cia .jpg<\/strong><\/span><\/p>\n<ol>\n<li><span style=\"color: #800080;\"><strong>jan_nowak_12_1.jpg<\/strong><\/span><\/li>\n<\/ol>\n<p style=\"text-align: right;\"><span style=\"color: #666699;\"><em><strong>Powszechnie uwa\u017ca si\u0119, \u017ce \u017cycie powsta\u0142o w wodzie.<br \/>\n<\/strong><\/em><em><strong>Zbiorniki wodne tworz\u0105 ma\u0142e i du\u017ce ekosystemy dla zwierz\u0105t i ro\u015blin, wp\u0142ywaj\u0105 na \u015brodowisko, a nawet klimat.<br \/>\n<\/strong><\/em><em><strong>Sami sk\u0142adamy si\u0119 w du\u017cej cz\u0119\u015bci z wody i jest nam ona potrzebna do \u017cycia jak \u2026 woda.<br \/>\n<\/strong><\/em><em><strong>Przyjrzyjcie si\u0119 rzekom, stawom, jeziorom w Waszej okolicy. Odkrywajcie bogaty i pi\u0119kny \u015bwiat ro\u015blin i zwierz\u0105t, kt\u00f3ry istnieje dzi\u0119ki nim.<br \/>\n<\/strong><\/em><em><strong>I pami\u0119tajcie, \u017ce woda zanieczyszczona przestaje by\u015b \u017ar\u00f3d\u0142em \u017cycia.<br \/>\n<\/strong><\/em><em><strong>A wi\u0119c w drog\u0119! I koniecznie zabierzcie ze sob\u0105 aparaty fotograficzne!!!<\/strong><\/em><\/span><\/p>\n<p>&nbsp;<\/p>\n<p style=\"text-align: center;\"><span style=\"color: #ff0000;\"><em><strong>Na Wasze prace czekam do 5 pa\u017adziernika (pi\u0105tek) 2018 r.<\/strong><\/em><\/span><br \/>\n<span style=\"color: #ff0000;\"><em><strong>Ch\u0119tnych do udzia\u0142u w konkursie zapraszam do sali 112B po KART\u0118 ZG\u0141OSZENIA<\/strong><\/em><\/span><\/p>\n<p style=\"text-align: center;\"><span style=\"color: #ff0000;\"><em>Krzysztof Dzierbicki<\/em><\/span><\/p>\n","protected":false},"excerpt":{"rendered":"<p>Zapraszam do udzia\u0142u w konkursie fotograficznym &#8222;CZYSTA WODA WOK\u00d3\u0141 NAS&#8221;<\/p>\n","protected":false},"author":1,"featured_media":0,"comment_status":"closed","ping_status":"closed","sticky":false,"template":"","format":"standard","meta":{"two_page_speed":[],"footnotes":""},"categories":[5,15,1,8,3,4],"tags":[51],"class_list":["post-5330","post","type-post","status-publish","format-standard","hentry","category-f","category-konkursy","category-pil","category-wazne","category-news1-3","category-news4-8","tag-konkurs-fotograficzny"],"_links":{"self":[{"href":"https:\/\/sp184lodz.edu.pl\/index.php\/wp-json\/wp\/v2\/posts\/5330","targetHints":{"allow":["GET"]}}],"collection":[{"href":"https:\/\/sp184lodz.edu.pl\/index.php\/wp-json\/wp\/v2\/posts"}],"about":[{"href":"https:\/\/sp184lodz.edu.pl\/index.php\/wp-json\/wp\/v2\/types\/post"}],"author":[{"embeddable":true,"href":"https:\/\/sp184lodz.edu.pl\/index.php\/wp-json\/wp\/v2\/users\/1"}],"replies":[{"embeddable":true,"href":"https:\/\/sp184lodz.edu.pl\/index.php\/wp-json\/wp\/v2\/comments?post=5330"}],"version-history":[{"count":3,"href":"https:\/\/sp184lodz.edu.pl\/index.php\/wp-json\/wp\/v2\/posts\/5330\/revisions"}],"predecessor-version":[{"id":5398,"href":"https:\/\/sp184lodz.edu.pl\/index.php\/wp-json\/wp\/v2\/posts\/5330\/revisions\/5398"}],"wp:attachment":[{"href":"https:\/\/sp184lodz.edu.pl\/index.php\/wp-json\/wp\/v2\/media?parent=5330"}],"wp:term":[{"taxonomy":"category","embeddable":true,"href":"https:\/\/sp184lodz.edu.pl\/index.php\/wp-json\/wp\/v2\/categories?post=5330"},{"taxonomy":"post_tag","embeddable":true,"href":"https:\/\/sp184lodz.edu.pl\/index.php\/wp-json\/wp\/v2\/tags?post=5330"}],"curies":[{"name":"wp","href":"https:\/\/api.w.org\/{rel}","templated":true}]}}