{"id":5703,"date":"2018-11-15T07:48:33","date_gmt":"2018-11-15T06:48:33","guid":{"rendered":"http:\/\/sp184lodz.edu.pl\/?p=5703"},"modified":"2018-11-15T07:48:33","modified_gmt":"2018-11-15T06:48:33","slug":"europejski-tydzien-swiadomosci-dysleksji","status":"publish","type":"post","link":"https:\/\/sp184lodz.edu.pl\/index.php\/2018\/11\/15\/europejski-tydzien-swiadomosci-dysleksji\/","title":{"rendered":"EUROPEJSKI TYDZIE\u0143 \u015aWIADOMO\u015aCI DYSLEKSJI"},"content":{"rendered":"<p><strong>EUROPEJSKI TYDZIE\u0143 \u015aWIADOMO\u015aCI DYSLEKSJI<\/strong><\/p>\n<p style=\"text-align: right;\"><em><img loading=\"lazy\" decoding=\"async\" class=\"alignleft  wp-image-5704\" src=\"http:\/\/sp184lodz.edu.pl\/wp-content\/uploads\/2018\/11\/Matematyczne-inspiracje.jpg\" alt=\"\" width=\"259\" height=\"207\" srcset=\"https:\/\/sp184lodz.edu.pl\/wp-content\/uploads\/2018\/11\/Matematyczne-inspiracje.jpg 945w, https:\/\/sp184lodz.edu.pl\/wp-content\/uploads\/2018\/11\/Matematyczne-inspiracje-300x240.jpg 300w, https:\/\/sp184lodz.edu.pl\/wp-content\/uploads\/2018\/11\/Matematyczne-inspiracje-768x614.jpg 768w\" sizes=\"auto, (max-width: 259px) 100vw, 259px\" \/> <\/em><em>\u201e\u017badna nauka nie wzmacnia<br \/>\ntak wiary w pot\u0119g\u0119 umys\u0142u<br \/>\nludzkiego, jak matematyka.\u201d<br \/>\n<\/em>Hugo Steinhaus<\/p>\n<p><!--more--><br \/>\nW tym roku ju\u017c po raz szesnasty b\u0119dziemy obchodzi\u0107 w \u0141odzi \u00a0EUROPEJSKI TYDZIE\u0143 \u015aWIADOMO\u015aCI DYSLEKSJI. Tym razem odb\u0119dzie si\u0119 w okresie od 19 do 23 listopada pod has\u0142em: <strong>\u201eMatematyczne inspiracje\u201d<\/strong><\/p>\n<p>W tym roku Polskie Towarzystwo Dysleksji \u2013 oddzia\u0142 \u0142\u00f3dzki &#8211; zwraca uwag\u0119 na problematyk\u0119 nauczania matematyki. Celem podj\u0119tych dzia\u0142a\u0144 przez stowarzyszenie jest inspirowanie nauczycieli do dzia\u0142a\u0144 maj\u0105cych na celu zapobieganie trudno\u015bciom w uczeniu si\u0119 matematyki poprzez\u00a0\u00a0pokazywanie r\u00f3\u017cnych podej\u015b\u0107, metod\u00a0i sposob\u00f3w anga\u017cuj\u0105cych r\u00f3\u017cne zmys\u0142y i aktywno\u015bci uczni\u00f3w, a poprzez to wzmacnianie motywacji do uczenia si\u0119 matematyki. Stowarzyszenie i osoby zaanga\u017cowane w organizacj\u0119 ET\u015aD na terenie szko\u0142y chc\u0105 pokaza\u0107 dzieciom i m\u0142odzie\u017cy, \u017ce nauka matematyki mo\u017ce by\u0107 przyjemna, pe\u0142na rado\u015bci, a przy tym skuteczna i przydatna w \u017cyciu codziennym.<\/p>\n<p>W ramach obchod\u00f3w ET\u015aD na terenie szko\u0142y zostan\u0105 zorganizowane nast\u0119puj\u0105ce dzia\u0142ania:<\/p>\n<ul>\n<li><strong>W klasach I &#8211; III<\/strong> zostanie przygotowana wystawa prac plastycznych zwi\u0105zanych z matematyk\u0105 ukryt\u0105 w \u017cyciu codziennym.<\/li>\n<li><strong>W klasach IV- VI<\/strong> zostanie przygotowana wystawa plakat\u00f3w dotycz\u0105cych matematyki wok\u00f3\u0142 nas.<\/li>\n<li><strong>W klasach VII \u2013VIII <\/strong>zostan\u0105 przygotowane przez uczni\u00f3w referaty dotycz\u0105ce znanych matematyk\u00f3w \/i os\u00f3b z dziedzin pokrewnych\/, kt\u00f3rzy byli dyslektykami.<\/li>\n<\/ul>\n<p><strong>Rodzic\u00f3w i nauczycieli<\/strong> zainteresowanych tym tematem zach\u0119cam do udzia\u0142u w\u00a0 konferencji pt.: \u201eMatematyczne inspiracje \u2013 rozwijanie umiej\u0119tno\u015bci uczni\u00f3w na poszczeg\u00f3lnych etapach edukacyjnych&#8221;. Konferencja odb\u0119dzie si\u0119 w dniu 21 listopada 2018 r. w godz. 14.00-17.00 w Wojew\u00f3dzkim O\u015brodku Doskonalenia Nauczycieli w \u0141odzi ul. W\u00f3lcza\u0144ska 202, w sali nr 220. Uczestnictwo w konferencji jest bezp\u0142atne. Zg\u0142oszenia mo\u017cna przesy\u0142a\u0107 drog\u0105 mailow\u0105 na adres <a href=\"mailto:organizacja@wodn.lodz.pl\">organizacja@wodn.lodz.pl<\/a> do dnia 19 listopada 2018 r.<\/p>\n<p style=\"text-align: center;\"><em>Zach\u0119cam wszystkich do zwi\u0119kszania swojej \u015bwiadomo\u015bci o dyskalkulii oraz inspirowania dzieci i m\u0142odzie\u017cy do poznawania matematyki od przyjemniejszej strony.<\/em><\/p>\n<p style=\"text-align: right;\">Izabela Szafarczyk<br \/>\nPsycholog \/ Pedagog<br \/>\nCz\u0142onek Polskiego Towarzystwa Dysleksji<\/p>\n","protected":false},"excerpt":{"rendered":"<p>EUROPEJSKI TYDZIE\u0143 \u015aWIADOMO\u015aCI DYSLEKSJI \u201e\u017badna nauka nie wzmacnia tak wiary w pot\u0119g\u0119 umys\u0142u ludzkiego, jak matematyka.\u201d Hugo Steinhaus<\/p>\n","protected":false},"author":1,"featured_media":0,"comment_status":"closed","ping_status":"closed","sticky":false,"template":"","format":"standard","meta":{"two_page_speed":[],"footnotes":""},"categories":[8],"tags":[],"class_list":["post-5703","post","type-post","status-publish","format-standard","hentry","category-wazne"],"_links":{"self":[{"href":"https:\/\/sp184lodz.edu.pl\/index.php\/wp-json\/wp\/v2\/posts\/5703","targetHints":{"allow":["GET"]}}],"collection":[{"href":"https:\/\/sp184lodz.edu.pl\/index.php\/wp-json\/wp\/v2\/posts"}],"about":[{"href":"https:\/\/sp184lodz.edu.pl\/index.php\/wp-json\/wp\/v2\/types\/post"}],"author":[{"embeddable":true,"href":"https:\/\/sp184lodz.edu.pl\/index.php\/wp-json\/wp\/v2\/users\/1"}],"replies":[{"embeddable":true,"href":"https:\/\/sp184lodz.edu.pl\/index.php\/wp-json\/wp\/v2\/comments?post=5703"}],"version-history":[{"count":1,"href":"https:\/\/sp184lodz.edu.pl\/index.php\/wp-json\/wp\/v2\/posts\/5703\/revisions"}],"predecessor-version":[{"id":5705,"href":"https:\/\/sp184lodz.edu.pl\/index.php\/wp-json\/wp\/v2\/posts\/5703\/revisions\/5705"}],"wp:attachment":[{"href":"https:\/\/sp184lodz.edu.pl\/index.php\/wp-json\/wp\/v2\/media?parent=5703"}],"wp:term":[{"taxonomy":"category","embeddable":true,"href":"https:\/\/sp184lodz.edu.pl\/index.php\/wp-json\/wp\/v2\/categories?post=5703"},{"taxonomy":"post_tag","embeddable":true,"href":"https:\/\/sp184lodz.edu.pl\/index.php\/wp-json\/wp\/v2\/tags?post=5703"}],"curies":[{"name":"wp","href":"https:\/\/api.w.org\/{rel}","templated":true}]}}