{"id":5877,"date":"2018-12-03T10:14:10","date_gmt":"2018-12-03T09:14:10","guid":{"rendered":"http:\/\/sp184lodz.edu.pl\/?p=5877"},"modified":"2018-12-03T10:14:10","modified_gmt":"2018-12-03T09:14:10","slug":"swieto-matki-boskiej-zwycieskiej","status":"publish","type":"post","link":"https:\/\/sp184lodz.edu.pl\/index.php\/2018\/12\/03\/swieto-matki-boskiej-zwycieskiej\/","title":{"rendered":"\u015bwi\u0119to Matki Boskiej Zwyci\u0119skiej"},"content":{"rendered":"<h3><img loading=\"lazy\" decoding=\"async\" class=\"alignleft  wp-image-5879\" src=\"http:\/\/sp184lodz.edu.pl\/wp-content\/uploads\/2018\/12\/20181120_082000.jpg\" alt=\"\" width=\"232\" height=\"174\" srcset=\"https:\/\/sp184lodz.edu.pl\/wp-content\/uploads\/2018\/12\/20181120_082000.jpg 800w, https:\/\/sp184lodz.edu.pl\/wp-content\/uploads\/2018\/12\/20181120_082000-300x225.jpg 300w, https:\/\/sp184lodz.edu.pl\/wp-content\/uploads\/2018\/12\/20181120_082000-768x576.jpg 768w\" sizes=\"auto, (max-width: 232px) 100vw, 232px\" \/><strong>7 pa\u017adziernika 1571 r.<br \/>\npod Lepanto Imperium Osma\u0144skie &#8230;<\/strong><\/h3>\n<p><!--more--><\/p>\n<p><strong>stoczy\u0142o s\u0142ynn\u0105 bitw\u0119 morsk\u0105 z Lig\u0105 \u015awi\u0119t\u0105. Zwyci\u0119stwo chrze\u015bcijan, papie\u017c Pius V przypisa\u0142 wstawiennictwu Naj\u015bwi\u0119tszej Maryi Panny. Rok p\u00f3\u017aniej dzie\u0144 7 pa\u017adziernika og\u0142osi\u0142 \u015bwi\u0119tem Matki Boskiej Zwyci\u0119skiej, zmienionym w p\u00f3\u017aniejszym czasie na \u015bwi\u0119to Matki Boskiej R\u00f3\u017ca\u0144cowej. W Ko\u015bciele katolickim od wielu lat odprawiane s\u0105 nabo\u017ce\u0144stwa r\u00f3\u017ca\u0144cowe, kt\u00f3re My Polacy otaczamy wyj\u0105tkow\u0105 czci\u0105. <\/strong><\/p>\n<p><strong>Pragn\u0105c przybli\u017cy\u0107 dzieciom istot\u0119 modlitwy r\u00f3\u017ca\u0144cowej, kt\u00f3ra umacnia wi\u0119zi nie tylko z Bogiem, ale tak\u017ce z innymi lud\u017ami, przeprowadzili\u015bmy w naszej szkole konkurs dla uczni\u00f3w z klas II polegaj\u0105cy na wykonaniu najpi\u0119kniejszego r\u00f3\u017ca\u0144ca. <\/strong><\/p>\n<p><strong>Uczestnicy konkursu wykazali si\u0119 kreatywno\u015bci\u0105 oraz niezwyk\u0142ymi umiej\u0119tno\u015bciami manualnymi. Stworzyli niezwyk\u0142e prace, kt\u00f3re mo\u017cna podziwia\u0107 w holu na parterze. <\/strong><\/p>\n<p><strong>Zach\u0119cam do zapoznania si\u0119 z wystaw\u0105.<\/strong><\/p>\n<div id='gallery-1' class='gallery galleryid-5877 gallery-columns-2 gallery-size-medium'><figure class='gallery-item'>\n\t\t\t<div class='gallery-icon portrait'>\n\t\t\t\t<a href='https:\/\/sp184lodz.edu.pl\/wp-content\/uploads\/2018\/12\/r\u00f3\u017caniec_wg_Jana_Paw\u0142a_II.jpg' title=\"\" data-rl_title=\"\" class=\"rl-gallery-link\" data-rl_caption=\"\" data-rel=\"lightbox-gallery-1\"><img loading=\"lazy\" decoding=\"async\" width=\"212\" height=\"300\" src=\"https:\/\/sp184lodz.edu.pl\/wp-content\/uploads\/2018\/12\/r\u00f3\u017caniec_wg_Jana_Paw\u0142a_II-212x300.jpg\" class=\"attachment-medium size-medium\" alt=\"\" srcset=\"https:\/\/sp184lodz.edu.pl\/wp-content\/uploads\/2018\/12\/r\u00f3\u017caniec_wg_Jana_Paw\u0142a_II-212x300.jpg 212w, https:\/\/sp184lodz.edu.pl\/wp-content\/uploads\/2018\/12\/r\u00f3\u017caniec_wg_Jana_Paw\u0142a_II.jpg 564w\" sizes=\"auto, (max-width: 212px) 100vw, 212px\" \/><\/a>\n\t\t\t<\/div><\/figure><figure class='gallery-item'>\n\t\t\t<div class='gallery-icon landscape'>\n\t\t\t\t<a href='https:\/\/sp184lodz.edu.pl\/wp-content\/uploads\/2018\/12\/20181120_082000.jpg' title=\"\" data-rl_title=\"\" class=\"rl-gallery-link\" data-rl_caption=\"\" data-rel=\"lightbox-gallery-1\"><img loading=\"lazy\" decoding=\"async\" width=\"300\" height=\"225\" src=\"https:\/\/sp184lodz.edu.pl\/wp-content\/uploads\/2018\/12\/20181120_082000-300x225.jpg\" class=\"attachment-medium size-medium\" alt=\"\" srcset=\"https:\/\/sp184lodz.edu.pl\/wp-content\/uploads\/2018\/12\/20181120_082000-300x225.jpg 300w, https:\/\/sp184lodz.edu.pl\/wp-content\/uploads\/2018\/12\/20181120_082000-768x576.jpg 768w, https:\/\/sp184lodz.edu.pl\/wp-content\/uploads\/2018\/12\/20181120_082000.jpg 800w\" sizes=\"auto, (max-width: 300px) 100vw, 300px\" \/><\/a>\n\t\t\t<\/div><\/figure>\n\t\t<\/div>\n\n","protected":false},"excerpt":{"rendered":"<p>7 pa\u017adziernika 1571 r. pod Lepanto Imperium Osma\u0144skie &#8230;<\/p>\n","protected":false},"author":1,"featured_media":0,"comment_status":"closed","ping_status":"closed","sticky":false,"template":"","format":"standard","meta":{"two_page_speed":[],"footnotes":""},"categories":[8,3],"tags":[71,76],"class_list":["post-5877","post","type-post","status-publish","format-standard","hentry","category-wazne","category-news1-3","tag-sp184-w-lodzi","tag-swietem-matki-boskiej-zwycieskiej"],"_links":{"self":[{"href":"https:\/\/sp184lodz.edu.pl\/index.php\/wp-json\/wp\/v2\/posts\/5877","targetHints":{"allow":["GET"]}}],"collection":[{"href":"https:\/\/sp184lodz.edu.pl\/index.php\/wp-json\/wp\/v2\/posts"}],"about":[{"href":"https:\/\/sp184lodz.edu.pl\/index.php\/wp-json\/wp\/v2\/types\/post"}],"author":[{"embeddable":true,"href":"https:\/\/sp184lodz.edu.pl\/index.php\/wp-json\/wp\/v2\/users\/1"}],"replies":[{"embeddable":true,"href":"https:\/\/sp184lodz.edu.pl\/index.php\/wp-json\/wp\/v2\/comments?post=5877"}],"version-history":[{"count":2,"href":"https:\/\/sp184lodz.edu.pl\/index.php\/wp-json\/wp\/v2\/posts\/5877\/revisions"}],"predecessor-version":[{"id":5881,"href":"https:\/\/sp184lodz.edu.pl\/index.php\/wp-json\/wp\/v2\/posts\/5877\/revisions\/5881"}],"wp:attachment":[{"href":"https:\/\/sp184lodz.edu.pl\/index.php\/wp-json\/wp\/v2\/media?parent=5877"}],"wp:term":[{"taxonomy":"category","embeddable":true,"href":"https:\/\/sp184lodz.edu.pl\/index.php\/wp-json\/wp\/v2\/categories?post=5877"},{"taxonomy":"post_tag","embeddable":true,"href":"https:\/\/sp184lodz.edu.pl\/index.php\/wp-json\/wp\/v2\/tags?post=5877"}],"curies":[{"name":"wp","href":"https:\/\/api.w.org\/{rel}","templated":true}]}}