{"id":6182,"date":"2018-12-20T11:59:14","date_gmt":"2018-12-20T10:59:14","guid":{"rendered":"http:\/\/sp184lodz.edu.pl\/?p=6182"},"modified":"2018-12-21T12:28:06","modified_gmt":"2018-12-21T11:28:06","slug":"6182","status":"publish","type":"post","link":"https:\/\/sp184lodz.edu.pl\/index.php\/2018\/12\/20\/6182\/","title":{"rendered":"Konkurs  Historyczno \u2013 Informatyczny"},"content":{"rendered":"\n<p><\/p>\n\n\n\n<p style=\"text-align:center\"><\/p>\n\n\n\n<p style=\"text-align:center\"><strong>Zapraszamy <br> do udzia\u0142u w konkursie <br> Historyczno \u2013 Informatycznym<br> VIII edycja Og\u00f3lnopolskiego Konkursu<\/strong><br><strong>\u201e\u017bo\u0142nierze Wykl\u0119ci \u2013 Bohaterowie Niez\u0142omni\u201d.<\/strong><\/p>\n\n\n\n<!--more-->\n\n\n\n<p><strong>Prac\u0119 multimedialn\u0105 o \u017bo\u0142nierzach Wykl\u0119tych<\/strong> <br>\n<em>(mo\u017cna\nwykorzysta\u0107 dost\u0119pne zdj\u0119cia, muzyk\u0119 i filmy z&nbsp;polecanych stron\ninternetowych pod warunkiem podania \u017ar\u00f3d\u0142a)<\/em><\/p>\n\n\n\n<p><strong>pomog\u0105 Wam przygotowa\u0107 Koordynatorzy i\nkonsultanci konkursu, kt\u00f3rymi w szkole s\u0105:<\/strong><\/p>\n\n\n\n<ul class=\"wp-block-list\"><li><strong>p. Ewa Kowalska Fisiak<\/strong><\/li><li><strong>p. Iwona Drze\u0144<\/strong><br>\n<strong><em>&#8211;\npomoc w zakresie tre\u015bci zamieszczonych w prezentacji<\/em><\/strong><\/li><\/ul>\n\n\n\n<p>oraz <\/p>\n\n\n\n<ul class=\"wp-block-list\"><li><strong>p. Krzysztof Dzierbicki<\/strong>&nbsp;\n<br>\n<strong><em>&#8211;\npomoc techniczna przy wyborze programu oraz wykonaniu pracy multimedialnej<\/em><\/strong><\/li><\/ul>\n\n\n\n<p>Ch\u0119tni do udzia\u0142u\nw konkursie zg\u0142aszaj\u0105 ch\u0119\u0107 udzia\u0142u <br>\n(i otrzymuj\u0105 zgody dla rodzic\u00f3w) <br>\ndo p. K. Dzierbickiego do 10 stycznia 2019 r.<\/p>\n\n\n\n<p style=\"text-align:center\">&#8212;&#8212;&#8212;&#8212;&#8212;&#8212;&#8212;&#8212;&#8212;&#8212;&#8212;&#8212;&#8212;&#8212;&#8212;&#8212;&#8212;&#8212;&#8212;&#8212;&#8212;&#8212;&#8211;<\/p>\n\n\n\n<p><strong>Parametry prac konkursowych:<\/strong><\/p>\n\n\n\n<ol class=\"wp-block-list\"><li>Prace multimedialne: prezentacje nie\nmog\u0105 zawiera\u0107 wi\u0119cej ni\u017c 30 slajd\u00f3w, a filmy nie mog\u0105 by\u0107 d\u0142u\u017csze ni\u017c 5 min.<\/li><\/ol>\n\n\n\n<ul class=\"wp-block-list\"><li><strong>Do ka\u017cdej pracy musi by\u0107 obowi\u0105zkowo do\u0142\u0105czone o\u015bwiadczenie o zgodzie rodzic\u00f3w na przetwarzanie danych osobowych dziecka. W przypadku pe\u0142noletnich uczestnik\u00f3w \u2013 zgoda uczestnik\u00f3w na przetwarzanie danych osobowych. (Wz\u00f3r o\u015bwiadczenia jest u p. Dzierbickiego sala 112B).<\/strong><\/li><li><\/li><\/ul>\n\n\n\n<p><strong>Termin oddawania prac\nkonkursowych \u2013 1 marca 2019 r.<\/strong><\/p>\n\n\n\n<p><\/p>\n\n\n\n<hr class=\"wp-block-separator is-style-wide\"\/>\n\n\n\n<p style=\"text-align:center\"><strong>Polecana bibliografia i strony internetowe <\/strong><br><strong>zwi\u0105zane z tematem Konkursu:<\/strong><\/p>\n\n\n\n<ul class=\"wp-block-list\"><li>Atlas polskiego podziemia niepodleg\u0142o\u015bciowego\n     1944-1956, red. Rafa\u0142 Wnuk, wyd. IPN, Warszawa-Lublin 2007.<\/li><\/ul>\n\n\n\n<ul class=\"wp-block-list\"><li>Bechta Mariusz, Jata &#8217;44. Obozy szkoleniowe NSZ\n     i AK w lasach \u0142ukowskich w czasie II wojny \u015bwiatowej, wyd. Arte, 2011.<\/li><li>Bechta\n     Mariusz, Leszek \u017bebrowski, NSZ na Podlasiu w walce systemem komunistycznym<\/li><\/ul>\n\n\n\n<ul class=\"wp-block-list\"><li>latach 1944-1952, wyd. Z\u017bNSZ, Siedlce 1998.<\/li><\/ul>\n\n\n\n<ul class=\"wp-block-list\"><li>Chodakiewicz Marek Jan, Narodowe Si\u0142y Zbrojne:\n     \u201eZ\u0105b\u201d przeciw dwu wrogom, Warszawa 1999.<\/li><\/ul>\n\n\n\n<ul class=\"wp-block-list\"><li>Kopi\u0144ski Jaros\u0142aw, Konspiracja akowska i\n     poakowska na terenie Inspektoratu Rejonowego &#8222;Radzy\u0144 Podlaski&#8221; w\n     latach 1944-1956, Bia\u0142a Podlaska 1998.<\/li><\/ul>\n\n\n\n<ul class=\"wp-block-list\"><li>Malinowski Jerzy\n     Cezary, Zarys dziej\u00f3w Okr\u0119gu Lubelskiego Zrzeszenia Wolno\u015b\u0107 i Niezawis\u0142o\u015b\u0107\n     (1945-1956), 1995.<\/li><\/ul>\n\n\n\n<ul class=\"wp-block-list\"><li>Pietrzak Leszek, Antykomunistyczne podziemie\n     zbrojne na terenie Inspektoratu Pu\u0142awy AK 1944-1956, 2011.<\/li><\/ul>\n\n\n\n<ul class=\"wp-block-list\"><li>Sierchu\u0142a Rafa\u0142, Historia cz\u0142owiek my\u015bl\u0105cego.\n     Lech Karol Neyman (1908-1948), wyd. IPN, Pozna\u0144 2013.<\/li><\/ul>\n\n\n\n<ul class=\"wp-block-list\"><li>W marszu i boju. Z walk i prze\u017cy\u0107\n     partyzanckich \u017co\u0142nierzy Brygady \u015awi\u0119tokrzyskiej, reprint wyd. z 1948.<\/li><li>Wo\u017aniczka\n     Zygmunt, Zrzeszenie &#8222;Wolno\u015b\u0107 i Niezawis\u0142o\u015b\u0107&#8221; 1945-1952, Warszawa\n     1992.<\/li><\/ul>\n\n\n\n<ul class=\"wp-block-list\"><li>Z archiwum IPN, pakiet film\u00f3w dokumentalnych\n     na DVD, wyd. IPN, Warszawa-Lublin 2010.<\/li><\/ul>\n\n\n\n<ul class=\"wp-block-list\"><li>Zaplute kar\u0142y reakcji. Podziemie\n     niepodleg\u0142o\u015bciowe 1944-1956, album, wyd. IPN, Lublin 2008.<\/li><\/ul>\n\n\n\n<ul class=\"wp-block-list\"><li>\u017bebrowski Leszek, Brygada \u015awi\u0119tokrzyska NSZ w\n     fotografiach i dokumentach, Warszawa 2014.<\/li><\/ul>\n\n\n\n<ul class=\"wp-block-list\"><li>\u017bebrowski Leszek, Narodowe Si\u0142y Zbrojne. Dokumenty,\n     struktury, personalia, t. 1\u20133, Warszawa 1994-1996.<\/li><\/ul>\n\n\n\n<ul class=\"wp-block-list\"><li>\u017bo\u0142nierze Wykl\u0119ci. Antykomunistyczne podziemie\n     zbrojne po 1944 roku, red. Grzegorz W\u0105sowski i Leszek \u017bebrowski, Warszawa<\/li><\/ul>\n\n\n\n<ul class=\"wp-block-list\"><li><a href=\"http:\/\/ipn.gov.pl\/\">ipn.gov.pl, <\/a><a href=\"http:\/\/nsz.com.pl\/\">nsz.com.pl, <\/a><a href=\"http:\/\/brygadaswietokrzyska.pl\/\">http:\/\/brygadaswietokrzyska.pl, <\/a><a href=\"http:\/\/podziemiezbrojne.blox.pl\/\">http:\/\/podziemiezbrojne.blox.pl,<\/a> <a href=\"http:\/\/www.zaporczycy.pl\/\">http:\/\/www.zaporczycy.pl<\/a><\/li><\/ul>\n\n\n\n<ul class=\"wp-block-list\"><li>Mo\u017cna wykorzystywa\u0107 dost\u0119pne zdj\u0119cia, grafiki      i muzyk\u0119 ze strony <a href=\"http:\/\/nsz.com.pl\/\">nsz.com.pl<\/a> i <a href=\"http:\/\/twardzijakstal.pl\/\">twardzijakstal.pl <\/a>a z pozosta\u0142ych stron po wyra\u017ceniu zgody przez      ich redaktor\u00f3w.<\/li><\/ul>\n\n\n\n<p style=\"text-align:center\"> Dodatkowe informacje o konkursie mo\u017cna uzyska\u0107 u nauczycieli koordynator\u00f3w konkursu w naszej szkole<\/p>\n\n\n\n<p><\/p>\n","protected":false},"excerpt":{"rendered":"<p>Zapraszamy do udzia\u0142u w konkursie Historyczno \u2013 Informatycznym VIII edycja Og\u00f3lnopolskiego Konkursu\u201e\u017bo\u0142nierze Wykl\u0119ci \u2013 Bohaterowie Niez\u0142omni\u201d.<\/p>\n","protected":false},"author":1,"featured_media":6194,"comment_status":"closed","ping_status":"closed","sticky":false,"template":"","format":"standard","meta":{"two_page_speed":[],"footnotes":""},"categories":[15,1],"tags":[71,79,80],"class_list":["post-6182","post","type-post","status-publish","format-standard","has-post-thumbnail","hentry","category-konkursy","category-pil","tag-sp184-w-lodzi","tag-viii-edycja-ogolnopolskiego-konkursu-zolnierze-wykleci-bohaterowie-niezlomni","tag-zolnierze-wykleci"],"_links":{"self":[{"href":"https:\/\/sp184lodz.edu.pl\/index.php\/wp-json\/wp\/v2\/posts\/6182","targetHints":{"allow":["GET"]}}],"collection":[{"href":"https:\/\/sp184lodz.edu.pl\/index.php\/wp-json\/wp\/v2\/posts"}],"about":[{"href":"https:\/\/sp184lodz.edu.pl\/index.php\/wp-json\/wp\/v2\/types\/post"}],"author":[{"embeddable":true,"href":"https:\/\/sp184lodz.edu.pl\/index.php\/wp-json\/wp\/v2\/users\/1"}],"replies":[{"embeddable":true,"href":"https:\/\/sp184lodz.edu.pl\/index.php\/wp-json\/wp\/v2\/comments?post=6182"}],"version-history":[{"count":5,"href":"https:\/\/sp184lodz.edu.pl\/index.php\/wp-json\/wp\/v2\/posts\/6182\/revisions"}],"predecessor-version":[{"id":6195,"href":"https:\/\/sp184lodz.edu.pl\/index.php\/wp-json\/wp\/v2\/posts\/6182\/revisions\/6195"}],"wp:featuredmedia":[{"embeddable":true,"href":"https:\/\/sp184lodz.edu.pl\/index.php\/wp-json\/wp\/v2\/media\/6194"}],"wp:attachment":[{"href":"https:\/\/sp184lodz.edu.pl\/index.php\/wp-json\/wp\/v2\/media?parent=6182"}],"wp:term":[{"taxonomy":"category","embeddable":true,"href":"https:\/\/sp184lodz.edu.pl\/index.php\/wp-json\/wp\/v2\/categories?post=6182"},{"taxonomy":"post_tag","embeddable":true,"href":"https:\/\/sp184lodz.edu.pl\/index.php\/wp-json\/wp\/v2\/tags?post=6182"}],"curies":[{"name":"wp","href":"https:\/\/api.w.org\/{rel}","templated":true}]}}