{"id":6668,"date":"2019-05-13T15:07:10","date_gmt":"2019-05-13T13:07:10","guid":{"rendered":"http:\/\/sp184lodz.edu.pl\/?p=6668"},"modified":"2019-05-14T13:17:52","modified_gmt":"2019-05-14T11:17:52","slug":"matematyka-w-poezji","status":"publish","type":"post","link":"https:\/\/sp184lodz.edu.pl\/index.php\/2019\/05\/13\/matematyka-w-poezji\/","title":{"rendered":"Matematyka w poezji"},"content":{"rendered":"\n<p>Projekt edukacyjny w klasie 8c <a rel=\"noreferrer noopener\" aria-label=\"Matematyka w poezji (otwiera si\u0119 na nowej zak\u0142adce)\" href=\"http:\/\/sp184lodz.edu.pl\/www\/\" target=\"_blank\">Matematyka w poezji<\/a><\/p>\n\n\n\n<!--more-->\n\n\n\n<p>Przez ostatni miesi\u0105c w ramach lekcji matematyki i informatyki wraz z nauczycielami Pani\u0105 \u0141awsk\u0105 i Panem Dzierbickim tworzyli\u015bmy stron\u0119 internetow\u0105 pt. &#8222;Matematyka w poezji&#8221;, kt\u00f3ra zawiera\u0142a tematy z graniastos\u0142up\u00f3w i ostros\u0142up\u00f3w.<br> Podczas prac mogli\u015bmy nauczy\u0107 i powt\u00f3rzy\u0107 sobie materia\u0142y przed egzaminem \u00f3smoklasisty. Bardzo nam to pomog\u0142o. Opr\u00f3cz tego mieli\u015bmy du\u017co frajdy z pisania wierszy i rym\u00f3w. <br>A oto nasze dzie\u0142o &#8211;<strong><em> <\/em><\/strong><a rel=\"noreferrer noopener\" aria-label=\"Matematyka w poezji (otwiera si\u0119 na nowej zak\u0142adce)\" href=\"http:\/\/sp184lodz.edu.pl\/www\" target=\"_blank\"><strong><em>Matematyka w poezji<\/em><\/strong><\/a><\/p>\n\n\n\n<p style=\"text-align:right\"><em><strong>W<\/strong>iktoria <\/em> <em><strong>O<\/strong>g\u00f3rek <\/em> <em> i <strong>O<\/strong>la<\/em>  <em><strong>L<\/strong>oba <\/em> <\/p>\n","protected":false},"excerpt":{"rendered":"<p>Projekt edukacyjny w klasie 8c<\/p>\n","protected":false},"author":1,"featured_media":6669,"comment_status":"closed","ping_status":"closed","sticky":false,"template":"","format":"standard","meta":{"two_page_speed":[],"footnotes":""},"categories":[8,16,4],"tags":[95],"class_list":["post-6668","post","type-post","status-publish","format-standard","has-post-thumbnail","hentry","category-wazne","category-newsy","category-news4-8","tag-matematyka-w-poezji"],"_links":{"self":[{"href":"https:\/\/sp184lodz.edu.pl\/index.php\/wp-json\/wp\/v2\/posts\/6668","targetHints":{"allow":["GET"]}}],"collection":[{"href":"https:\/\/sp184lodz.edu.pl\/index.php\/wp-json\/wp\/v2\/posts"}],"about":[{"href":"https:\/\/sp184lodz.edu.pl\/index.php\/wp-json\/wp\/v2\/types\/post"}],"author":[{"embeddable":true,"href":"https:\/\/sp184lodz.edu.pl\/index.php\/wp-json\/wp\/v2\/users\/1"}],"replies":[{"embeddable":true,"href":"https:\/\/sp184lodz.edu.pl\/index.php\/wp-json\/wp\/v2\/comments?post=6668"}],"version-history":[{"count":5,"href":"https:\/\/sp184lodz.edu.pl\/index.php\/wp-json\/wp\/v2\/posts\/6668\/revisions"}],"predecessor-version":[{"id":6677,"href":"https:\/\/sp184lodz.edu.pl\/index.php\/wp-json\/wp\/v2\/posts\/6668\/revisions\/6677"}],"wp:featuredmedia":[{"embeddable":true,"href":"https:\/\/sp184lodz.edu.pl\/index.php\/wp-json\/wp\/v2\/media\/6669"}],"wp:attachment":[{"href":"https:\/\/sp184lodz.edu.pl\/index.php\/wp-json\/wp\/v2\/media?parent=6668"}],"wp:term":[{"taxonomy":"category","embeddable":true,"href":"https:\/\/sp184lodz.edu.pl\/index.php\/wp-json\/wp\/v2\/categories?post=6668"},{"taxonomy":"post_tag","embeddable":true,"href":"https:\/\/sp184lodz.edu.pl\/index.php\/wp-json\/wp\/v2\/tags?post=6668"}],"curies":[{"name":"wp","href":"https:\/\/api.w.org\/{rel}","templated":true}]}}