{"id":7103,"date":"2019-10-02T10:21:40","date_gmt":"2019-10-02T08:21:40","guid":{"rendered":"http:\/\/sp184lodz.edu.pl\/?p=7103"},"modified":"2019-10-02T10:23:10","modified_gmt":"2019-10-02T08:23:10","slug":"podaruj-ksiazke","status":"publish","type":"post","link":"https:\/\/sp184lodz.edu.pl\/index.php\/2019\/10\/02\/podaruj-ksiazke\/","title":{"rendered":"PODARUJ KSI\u0104\u017bK\u0118"},"content":{"rendered":"<p style=\"text-align: center;\"><span style=\"color: #993366;\"><strong>PA\u0179DZIERNIK<img loading=\"lazy\" decoding=\"async\" class=\" wp-image-7104 alignleft\" title=\"\" src=\"http:\/\/sp184lodz.edu.pl\/wp-content\/uploads\/2019\/10\/biblioteka.png\" alt=\"\" width=\"147\" height=\"173\" \/><br \/>\n<\/strong><strong>MI\u0118DZYNARODOWY MIESI\u0104C BIBLIOTEK SZKOLNYCH,<\/strong><\/span><\/p>\n<p style=\"text-align: center;\"><span style=\"color: #0000ff;\"><em><strong>TEGOROCZNE HAS\u0141O: <\/strong><\/em><\/span><\/p>\n<p style=\"text-align: center;\"><strong><span style=\"color: #0000ff;\">WYOBRA\u0179 SOBIE\u2026<\/span><\/strong><\/p>\n<p><!--more--><\/p>\n<p style=\"text-align: center;\"><strong>Serdecznie zapraszam <\/strong><strong>do wzi\u0119cia udzia\u0142u w akcji:<\/strong><\/p>\n<p style=\"text-align: center;\"><strong><em>PODARUJ KSI\u0104\u017bK\u0118 BIBLIOTECE SZKOLNEJ \ud83d\ude42<\/em><\/strong><\/p>\n<p><strong>Je\u015bli masz w domu ksi\u0105\u017ck\u0119<\/strong><\/p>\n<p><strong>(literatura dzieci\u0119ca, m\u0142odzie\u017cowa, ) kt\u00f3rej ju\u017c nie czytasz i chcesz si\u0119 ni\u0105 podzieli\u0107 z innymi &#8211; ofiaruj j\u0105 naszej bibliotece.<\/strong><\/p>\n<p>Wzbogaci to nasz ksi\u0119gozbi\u00f3r i przyczyni si\u0119 do rozwoju czytelnictwa w naszej szkole.<\/p>\n<p>Prosimy o ksi\u0105\u017cki atrakcyjne i w dobrym stanie.<\/p>\n<p style=\"text-align: center;\"><strong>Akcja trwa przez ca\u0142y miesi\u0105c pa\u017adziernik.<\/strong><\/p>\n<p style=\"text-align: center;\"><strong>Pami\u0119taj! Ksi\u0105\u017cka czytana \u017cyje d\u0142u\u017cej!<\/strong><\/p>\n<p style=\"text-align: right;\"><em><strong>Za wszystkie przyniesione ksi\u0105\u017cki z g\u00f3ry serdecznie dzi\u0119kuj\u0119.<br \/>\n<\/strong><\/em><em><strong>Ma\u0142gorzata Nowak<\/strong><\/em><\/p>\n","protected":false},"excerpt":{"rendered":"<p>PA\u0179DZIERNIK MI\u0118DZYNARODOWY MIESI\u0104C BIBLIOTEK SZKOLNYCH, TEGOROCZNE HAS\u0141O: WYOBRA\u0179 SOBIE\u2026<\/p>\n","protected":false},"author":1,"featured_media":0,"comment_status":"closed","ping_status":"closed","sticky":false,"template":"","format":"standard","meta":{"two_page_speed":[],"footnotes":""},"categories":[1,8],"tags":[106,9],"class_list":["post-7103","post","type-post","status-publish","format-standard","hentry","category-pil","category-wazne","tag-biblioteka","tag-sp-184-w-lodzi"],"_links":{"self":[{"href":"https:\/\/sp184lodz.edu.pl\/index.php\/wp-json\/wp\/v2\/posts\/7103","targetHints":{"allow":["GET"]}}],"collection":[{"href":"https:\/\/sp184lodz.edu.pl\/index.php\/wp-json\/wp\/v2\/posts"}],"about":[{"href":"https:\/\/sp184lodz.edu.pl\/index.php\/wp-json\/wp\/v2\/types\/post"}],"author":[{"embeddable":true,"href":"https:\/\/sp184lodz.edu.pl\/index.php\/wp-json\/wp\/v2\/users\/1"}],"replies":[{"embeddable":true,"href":"https:\/\/sp184lodz.edu.pl\/index.php\/wp-json\/wp\/v2\/comments?post=7103"}],"version-history":[{"count":4,"href":"https:\/\/sp184lodz.edu.pl\/index.php\/wp-json\/wp\/v2\/posts\/7103\/revisions"}],"predecessor-version":[{"id":7108,"href":"https:\/\/sp184lodz.edu.pl\/index.php\/wp-json\/wp\/v2\/posts\/7103\/revisions\/7108"}],"wp:attachment":[{"href":"https:\/\/sp184lodz.edu.pl\/index.php\/wp-json\/wp\/v2\/media?parent=7103"}],"wp:term":[{"taxonomy":"category","embeddable":true,"href":"https:\/\/sp184lodz.edu.pl\/index.php\/wp-json\/wp\/v2\/categories?post=7103"},{"taxonomy":"post_tag","embeddable":true,"href":"https:\/\/sp184lodz.edu.pl\/index.php\/wp-json\/wp\/v2\/tags?post=7103"}],"curies":[{"name":"wp","href":"https:\/\/api.w.org\/{rel}","templated":true}]}}