{"id":7287,"date":"2019-11-19T18:50:18","date_gmt":"2019-11-19T17:50:18","guid":{"rendered":"http:\/\/sp184lodz.edu.pl\/?p=7287"},"modified":"2019-11-19T18:51:10","modified_gmt":"2019-11-19T17:51:10","slug":"swiateczna-paka-dla-zwierzaka","status":"publish","type":"post","link":"https:\/\/sp184lodz.edu.pl\/index.php\/2019\/11\/19\/swiateczna-paka-dla-zwierzaka\/","title":{"rendered":"\u015aWI\u0104TECZNA PAKA DLA ZWIERZAKA"},"content":{"rendered":"<h3 style=\"text-align: center;\"><span style=\"color: #ff0000;\">Drodzy uczniowie i rodzice!<\/span><\/h3>\n<h3 style=\"text-align: center;\"><span style=\"color: #ff0000;\">Mi\u0142o\u015bnik\u00f3w zwierz\u0105t ( i nie tylko \ud83d\ude42 )<\/span><\/h3>\n<p><img loading=\"lazy\" decoding=\"async\" class=\"aligncenter wp-image-7288\" title=\"\" src=\"http:\/\/sp184lodz.edu.pl\/wp-content\/uploads\/2019\/11\/paka.jpg\" alt=\"\" width=\"613\" height=\"383\" srcset=\"https:\/\/sp184lodz.edu.pl\/wp-content\/uploads\/2019\/11\/paka.jpg 960w, https:\/\/sp184lodz.edu.pl\/wp-content\/uploads\/2019\/11\/paka-300x188.jpg 300w, https:\/\/sp184lodz.edu.pl\/wp-content\/uploads\/2019\/11\/paka-768x480.jpg 768w\" sizes=\"auto, (max-width: 613px) 100vw, 613px\" \/><\/p>\n<p><!--more--><\/p>\n<p style=\"text-align: center;\"><strong><span style=\"color: #ff0000;\"> zach\u0119camy do udzia\u0142u w wielkiej zbi\u00f3rce dla zwierzak\u00f3w z \u0142\u00f3dzkiej Fundacji Kot obok Psa.<\/span><\/strong><br \/>\n<strong><span style=\"color: #ff0000;\">Podobn\u0105 akcj\u0119 przeprowadzili\u015bmy dwa lata temu i zako\u0144czy\u0142a si\u0119 ogromnym sukcesem!<\/span><\/strong><\/p>\n<p style=\"text-align: center;\"><strong><span style=\"color: #ff0000;\">W tym roku kociaki i psiaki potrzebuj\u0105 karmy i \u017cwirku.<\/span><\/strong><\/p>\n<p style=\"text-align: center;\"><strong><span style=\"color: #ff0000;\">Zbi\u00f3rka prowadzona b\u0119dzie na terenie naszej szko\u0142y do 18 grudnia. Dary prosimy przynosi\u0107 do sali 303B.<\/span><\/strong><\/p>\n<p style=\"text-align: right;\"><em><strong><span style=\"color: #ff0000;\">Z g\u00f3ry dzi\u0119kujemy za przy\u0142\u0105czenie si\u0119 do akcji i Wasze dobre serca!<\/span><\/strong><\/em><\/p>\n<p style=\"text-align: right;\"><em><strong><span style=\"color: #ff0000;\">Klasa VId wraz z wychowawc\u0105 Aleksandr\u0105 Ja\u015bkiewicz<\/span><\/strong><\/em><\/p>\n","protected":false},"excerpt":{"rendered":"<p>Drodzy uczniowie i rodzice! Mi\u0142o\u015bnik\u00f3w zwierz\u0105t ( i nie tylko \ud83d\ude42 )<\/p>\n","protected":false},"author":1,"featured_media":0,"comment_status":"closed","ping_status":"closed","sticky":false,"template":"","format":"standard","meta":{"two_page_speed":[],"footnotes":""},"categories":[1,8,16],"tags":[19],"class_list":["post-7287","post","type-post","status-publish","format-standard","hentry","category-pil","category-wazne","category-newsy","tag-sp184"],"_links":{"self":[{"href":"https:\/\/sp184lodz.edu.pl\/index.php\/wp-json\/wp\/v2\/posts\/7287","targetHints":{"allow":["GET"]}}],"collection":[{"href":"https:\/\/sp184lodz.edu.pl\/index.php\/wp-json\/wp\/v2\/posts"}],"about":[{"href":"https:\/\/sp184lodz.edu.pl\/index.php\/wp-json\/wp\/v2\/types\/post"}],"author":[{"embeddable":true,"href":"https:\/\/sp184lodz.edu.pl\/index.php\/wp-json\/wp\/v2\/users\/1"}],"replies":[{"embeddable":true,"href":"https:\/\/sp184lodz.edu.pl\/index.php\/wp-json\/wp\/v2\/comments?post=7287"}],"version-history":[{"count":2,"href":"https:\/\/sp184lodz.edu.pl\/index.php\/wp-json\/wp\/v2\/posts\/7287\/revisions"}],"predecessor-version":[{"id":7290,"href":"https:\/\/sp184lodz.edu.pl\/index.php\/wp-json\/wp\/v2\/posts\/7287\/revisions\/7290"}],"wp:attachment":[{"href":"https:\/\/sp184lodz.edu.pl\/index.php\/wp-json\/wp\/v2\/media?parent=7287"}],"wp:term":[{"taxonomy":"category","embeddable":true,"href":"https:\/\/sp184lodz.edu.pl\/index.php\/wp-json\/wp\/v2\/categories?post=7287"},{"taxonomy":"post_tag","embeddable":true,"href":"https:\/\/sp184lodz.edu.pl\/index.php\/wp-json\/wp\/v2\/tags?post=7287"}],"curies":[{"name":"wp","href":"https:\/\/api.w.org\/{rel}","templated":true}]}}