{"id":7661,"date":"2019-12-19T12:59:24","date_gmt":"2019-12-19T11:59:24","guid":{"rendered":"http:\/\/sp184lodz.edu.pl\/?p=7661"},"modified":"2019-12-20T13:04:41","modified_gmt":"2019-12-20T12:04:41","slug":"akcja-charytatywna","status":"publish","type":"post","link":"https:\/\/sp184lodz.edu.pl\/index.php\/2019\/12\/19\/akcja-charytatywna\/","title":{"rendered":"AKCJA CHARYTATYWNA"},"content":{"rendered":"<p style=\"text-align: center;\"><span style=\"color: #ff0000;\"><img loading=\"lazy\" decoding=\"async\" class=\"wp-image-7662 alignleft\" title=\"\" src=\"http:\/\/sp184lodz.edu.pl\/wp-content\/uploads\/2019\/12\/Podziekowanie-724x1024.jpg\" alt=\"\" width=\"208\" height=\"294\" srcset=\"https:\/\/sp184lodz.edu.pl\/wp-content\/uploads\/2019\/12\/Podziekowanie-724x1024.jpg 724w, https:\/\/sp184lodz.edu.pl\/wp-content\/uploads\/2019\/12\/Podziekowanie-212x300.jpg 212w, https:\/\/sp184lodz.edu.pl\/wp-content\/uploads\/2019\/12\/Podziekowanie-768x1086.jpg 768w, https:\/\/sp184lodz.edu.pl\/wp-content\/uploads\/2019\/12\/Podziekowanie.jpg 1080w\" sizes=\"auto, (max-width: 208px) 100vw, 208px\" \/>Od 12 listopada do 1 grudnia 2019r. w naszej szkole mia\u0142a miejsce zbi\u00f3rka u\u017cywanych ubra\u0144 dla dzieci z Domu Dziecka nr 2 i nr 4 w \u0141odzi. <\/span><\/p>\n<p style=\"text-align: center;\"><span style=\"color: #ff0000;\"><strong>Akcj\u0119 zainicjowa\u0142a i koordynowa\u0142a uczennica klasy VIe<\/strong> <\/span><\/p>\n<h2 style=\"text-align: center;\"><span style=\"color: #ff0000;\"><strong>Nikola Tadeusiak<\/strong>. <\/span><\/h2>\n<p style=\"text-align: center;\"><span style=\"color: #ff0000;\">Blisko 70 rodzin w\u0142\u0105czy\u0142o si\u0119 w t\u0119 akcj\u0119. <\/span><\/p>\n<p style=\"text-align: center;\"><span style=\"color: #ff0000;\"><strong>Serdecznie dzi\u0119kujemy wszystkim, kt\u00f3rzy przekazali odzie\u017c potrzebuj\u0105cym dzieciom!<\/strong><\/span><\/p>\n<p><!--more--><\/p>\n<p><img loading=\"lazy\" decoding=\"async\" class=\"aligncenter size-full wp-image-7662\" src=\"http:\/\/sp184lodz.edu.pl\/wp-content\/uploads\/2019\/12\/Podziekowanie.jpg\" alt=\"\" width=\"1080\" height=\"1527\" srcset=\"https:\/\/sp184lodz.edu.pl\/wp-content\/uploads\/2019\/12\/Podziekowanie.jpg 1080w, https:\/\/sp184lodz.edu.pl\/wp-content\/uploads\/2019\/12\/Podziekowanie-212x300.jpg 212w, https:\/\/sp184lodz.edu.pl\/wp-content\/uploads\/2019\/12\/Podziekowanie-724x1024.jpg 724w, https:\/\/sp184lodz.edu.pl\/wp-content\/uploads\/2019\/12\/Podziekowanie-768x1086.jpg 768w\" sizes=\"auto, (max-width: 1080px) 100vw, 1080px\" \/><\/p>\n","protected":false},"excerpt":{"rendered":"<p>Od 12 listopada do 1 grudnia 2019r. w naszej szkole mia\u0142a miejsce zbi\u00f3rka u\u017cywanych ubra\u0144 dla dzieci z Domu Dziecka nr 2 i nr 4 w \u0141odzi. Akcj\u0119 zainicjowa\u0142a i koordynowa\u0142a uczennica klasy VIe Nikola Tadeusiak. Blisko 70 rodzin w\u0142\u0105czy\u0142o <a href=\"https:\/\/sp184lodz.edu.pl\/index.php\/2019\/12\/19\/akcja-charytatywna\/\" class=\"read-more\">czytaj wi\u0119cej &#8230;<\/a><\/p>\n","protected":false},"author":1,"featured_media":0,"comment_status":"closed","ping_status":"closed","sticky":false,"template":"","format":"standard","meta":{"two_page_speed":[],"footnotes":""},"categories":[1],"tags":[],"class_list":["post-7661","post","type-post","status-publish","format-standard","hentry","category-pil"],"_links":{"self":[{"href":"https:\/\/sp184lodz.edu.pl\/index.php\/wp-json\/wp\/v2\/posts\/7661","targetHints":{"allow":["GET"]}}],"collection":[{"href":"https:\/\/sp184lodz.edu.pl\/index.php\/wp-json\/wp\/v2\/posts"}],"about":[{"href":"https:\/\/sp184lodz.edu.pl\/index.php\/wp-json\/wp\/v2\/types\/post"}],"author":[{"embeddable":true,"href":"https:\/\/sp184lodz.edu.pl\/index.php\/wp-json\/wp\/v2\/users\/1"}],"replies":[{"embeddable":true,"href":"https:\/\/sp184lodz.edu.pl\/index.php\/wp-json\/wp\/v2\/comments?post=7661"}],"version-history":[{"count":1,"href":"https:\/\/sp184lodz.edu.pl\/index.php\/wp-json\/wp\/v2\/posts\/7661\/revisions"}],"predecessor-version":[{"id":7663,"href":"https:\/\/sp184lodz.edu.pl\/index.php\/wp-json\/wp\/v2\/posts\/7661\/revisions\/7663"}],"wp:attachment":[{"href":"https:\/\/sp184lodz.edu.pl\/index.php\/wp-json\/wp\/v2\/media?parent=7661"}],"wp:term":[{"taxonomy":"category","embeddable":true,"href":"https:\/\/sp184lodz.edu.pl\/index.php\/wp-json\/wp\/v2\/categories?post=7661"},{"taxonomy":"post_tag","embeddable":true,"href":"https:\/\/sp184lodz.edu.pl\/index.php\/wp-json\/wp\/v2\/tags?post=7661"}],"curies":[{"name":"wp","href":"https:\/\/api.w.org\/{rel}","templated":true}]}}