{"id":7737,"date":"2020-01-08T15:31:31","date_gmt":"2020-01-08T14:31:31","guid":{"rendered":"http:\/\/sp184lodz.edu.pl\/?p=7737"},"modified":"2020-01-10T17:55:25","modified_gmt":"2020-01-10T16:55:25","slug":"a-w-7c-dzialo-sie","status":"publish","type":"post","link":"https:\/\/sp184lodz.edu.pl\/index.php\/2020\/01\/08\/a-w-7c-dzialo-sie\/","title":{"rendered":"A w 7c dzia\u0142o si\u0119 :)"},"content":{"rendered":"<p style=\"text-align: center;\"><img loading=\"lazy\" decoding=\"async\" class=\"aligncenter  wp-image-7124\" src=\"http:\/\/sp184lodz.edu.pl\/wp-content\/uploads\/2019\/10\/dzien_n-24-z-34.jpg\" alt=\"\" width=\"388\" height=\"259\" srcset=\"https:\/\/sp184lodz.edu.pl\/wp-content\/uploads\/2019\/10\/dzien_n-24-z-34.jpg 700w, https:\/\/sp184lodz.edu.pl\/wp-content\/uploads\/2019\/10\/dzien_n-24-z-34-300x200.jpg 300w\" sizes=\"auto, (max-width: 388px) 100vw, 388px\" \/><strong>I zacz\u0119\u0142o si\u0119-2 wrze\u015bnia 2019 spotkali\u015bmy si\u0119 w ca\u0142kiem nowym sk\u0142adzie.<\/strong><\/p>\n<p><!--more--><\/p>\n<p>Zostali\u015bmy PUZELKAMI Pani Doroty. Troszk\u0119 byli\u015bmy przera\u017ceni tym, co czeka\u0142o Nas w klasie si\u00f3dmej, ale c\u00f3\u017c-trzeba poj\u0105\u0107 by\u0142o wyzwanie, w ko\u0144cu klasa j\u0119zykowa do czego\u015b zobowi\u0105zuje, prawda?<br \/>\n<img loading=\"lazy\" decoding=\"async\" class=\"wp-image-7142 alignleft\" title=\"\" src=\"http:\/\/sp184lodz.edu.pl\/wp-content\/uploads\/2019\/10\/dzien_n-1-z-34.jpg\" alt=\"\" width=\"307\" height=\"205\" srcset=\"https:\/\/sp184lodz.edu.pl\/wp-content\/uploads\/2019\/10\/dzien_n-1-z-34.jpg 700w, https:\/\/sp184lodz.edu.pl\/wp-content\/uploads\/2019\/10\/dzien_n-1-z-34-300x200.jpg 300w\" sizes=\"auto, (max-width: 307px) 100vw, 307px\" \/>Do\u015b\u0107 szybko zacz\u0119\u0142y zaciera\u0107 si\u0119 mi\u0119dzy Nami r\u00f3\u017cnice zwi\u0105zane z tym, \u017ce zesp\u00f3\u0142 7a zosta\u0142 stworzony z uczni\u00f3w trzech klas sz\u00f3stych. Zmobilizowani przez wychowawc\u0119, przygotowali\u015bmy uroczysto\u015b\u0107 z okazji DNIA NAUCZYCIELA. <img loading=\"lazy\" decoding=\"async\" class=\"wp-image-7138 alignright\" src=\"http:\/\/sp184lodz.edu.pl\/wp-content\/uploads\/2019\/10\/dzien_n-6-z-34.jpg\" alt=\"\" width=\"292\" height=\"195\" srcset=\"https:\/\/sp184lodz.edu.pl\/wp-content\/uploads\/2019\/10\/dzien_n-6-z-34.jpg 700w, https:\/\/sp184lodz.edu.pl\/wp-content\/uploads\/2019\/10\/dzien_n-6-z-34-300x200.jpg 300w\" sizes=\"auto, (max-width: 292px) 100vw, 292px\" \/>Z du\u017c\u0105 doz\u0105 humoru, ta\u0144cem i \u015bpiewem zaprezentowali\u015bmy swoje talenty aktorskie. Nasze wysi\u0142ki zosta\u0142y nagrodzone gromkimi brawami.<br \/>\nW dniach 16-17 pa\u017adziernika 2019 roku udali\u015bmy si\u0119 na wycieczk\u0119 autokarow\u0105 do Biskupina, Wenecji i Gniezna. To by\u0142a nasza wyprawa integracyjna, kt\u00f3ra okaza\u0142a si\u0119 bardzo udan\u0105. Oczywi\u015bcie by\u0142o zwiedzanko, ale te\u017c ognisko z pieczeniem kie\u0142basek,rozm\u00f3wki towarzyskie do wieczorka i&#8230;skoro PUZELKI PANI DOROTY,\u00a0 to uk\u0142adanie puzelkowego obrazu. Trzeba przyzna\u0107 trudnego, wi\u0119c &#8230;uk\u0142ada\u0107 go b\u0119dziemy podczas kolejnych wyjazd\u00f3w.<br \/>\nPod koniec listopada z okazji DNIA PLUSZOWEGO MISIA zorganizowali\u015bmy wystaw\u0119, przed sal\u0105 107b,naszych pluszowych przyjaci\u00f3\u0142.<br \/>\n<img loading=\"lazy\" decoding=\"async\" class=\"wp-image-7803 alignleft\" title=\"\" src=\"http:\/\/sp184lodz.edu.pl\/wp-content\/uploads\/2020\/01\/dom-samotnej.jpg\" alt=\"\" width=\"220\" height=\"318\" srcset=\"https:\/\/sp184lodz.edu.pl\/wp-content\/uploads\/2020\/01\/dom-samotnej.jpg 1615w, https:\/\/sp184lodz.edu.pl\/wp-content\/uploads\/2020\/01\/dom-samotnej-207x300.jpg 207w, https:\/\/sp184lodz.edu.pl\/wp-content\/uploads\/2020\/01\/dom-samotnej-706x1024.jpg 706w, https:\/\/sp184lodz.edu.pl\/wp-content\/uploads\/2020\/01\/dom-samotnej-768x1114.jpg 768w, https:\/\/sp184lodz.edu.pl\/wp-content\/uploads\/2020\/01\/dom-samotnej-1059x1536.jpg 1059w, https:\/\/sp184lodz.edu.pl\/wp-content\/uploads\/2020\/01\/dom-samotnej-1412x2048.jpg 1412w\" sizes=\"auto, (max-width: 220px) 100vw, 220px\" \/>W miesi\u0105cu listopadzie \u015bwi\u0119towali\u015bmy w nietypowy spos\u00f3b KLASOWE ANDRZEJKI. WR\u00d3\u017bBY UMIESZCZONE ZOSTA\u0141Y, W PRZYGOTOWANYCH PRZEZ NAS,CIASTECZKACH-TRZEBA BY\u0141O UWA\u017bA\u0106,BY&#8230;DOTAR\u0141Y ONE DO PRZECZYTANIA NIE DO \u017bO\u0141\u0104DKA. W podobny spos\u00f3b umieszczone zosta\u0142y miko\u0142ajkowe losy.<br \/>\ni wreszcie grudzie\u0144.W\u0142asnor\u0119cznie wykonali\u015bmy ozdoby choinkowe. Zostali\u015bmy SOWAMI i znale\u017ali\u015bmy si\u0119,obok serduszek i precli,na ogromnej \u017cywej,klasowej choince.<br \/>\nNasza sala 107b to prawdziwe dzie\u0142o sztuki,kt\u00f3re tworzyli\u015bmy wsp\u00f3lnie z KLAS\u0104 9,czyli RODZICAMI.<br \/>\nNie zapomnieli\u015bmy te\u017c o potrzebuj\u0105cych, Zorganizowali\u015bmy zbi\u00f3rk\u0119 dar\u00f3w dla DOMU SAMOTNEJ MATKI w \u0141ODZI oraz schroniska dla zwierz\u0105t MEDOR.<br \/>\nMamy nadziej\u0119.\u017ce w semestrze drugim b\u0119dziemy mieli r\u00f3wnie\u017c ogrom pomys\u0142\u00f3w i ciekawych inicjatyw. Oj b\u0119dzie si\u0119 dzia\u0142o&#8230;<\/p>\n<p><code class=\"rl-shortcode\"><div class=\"rl-gallery-container rl-loading\" id=\"rl-gallery-container-1\" data-gallery_id=\"7730\"> <div class=\"rl-gallery rl-basicgrid-gallery \" id=\"rl-gallery-1\" data-gallery_no=\"1\"> <div class=\"rl-gallery-item\"><a href=\"https:\/\/sp184lodz.edu.pl\/wp-content\/uploads\/2019\/12\/wycieczka1_SP184.jpg\" title=\"\" data-rl_title=\"\" class=\"rl-gallery-link\" data-rl_caption=\"\" data-rel=\"lightbox-gallery-1\"><img loading=\"lazy\" decoding=\"async\" src=\"https:\/\/sp184lodz.edu.pl\/wp-content\/uploads\/2019\/12\/wycieczka1_SP184-150x150.jpg\" width=\"150\" height=\"150\" alt=\"\" \/><\/a><\/div><div class=\"rl-gallery-item\"><a href=\"https:\/\/sp184lodz.edu.pl\/wp-content\/uploads\/2019\/12\/wycieczka2_SP184.jpg\" title=\"\" data-rl_title=\"\" class=\"rl-gallery-link\" data-rl_caption=\"\" data-rel=\"lightbox-gallery-1\"><img loading=\"lazy\" decoding=\"async\" src=\"https:\/\/sp184lodz.edu.pl\/wp-content\/uploads\/2019\/12\/wycieczka2_SP184-150x150.jpg\" width=\"150\" height=\"150\" alt=\"\" \/><\/a><\/div><div class=\"rl-gallery-item\"><a href=\"https:\/\/sp184lodz.edu.pl\/wp-content\/uploads\/2019\/12\/wycieczka3_SP184.jpg\" title=\"\" data-rl_title=\"\" class=\"rl-gallery-link\" data-rl_caption=\"\" data-rel=\"lightbox-gallery-1\"><img loading=\"lazy\" decoding=\"async\" src=\"https:\/\/sp184lodz.edu.pl\/wp-content\/uploads\/2019\/12\/wycieczka3_SP184-150x150.jpg\" width=\"150\" height=\"150\" alt=\"\" \/><\/a><\/div><div class=\"rl-gallery-item\"><a href=\"https:\/\/sp184lodz.edu.pl\/wp-content\/uploads\/2019\/12\/wycieczka4_SP184.jpg\" title=\"\" data-rl_title=\"\" class=\"rl-gallery-link\" data-rl_caption=\"\" data-rel=\"lightbox-gallery-1\"><img loading=\"lazy\" decoding=\"async\" src=\"https:\/\/sp184lodz.edu.pl\/wp-content\/uploads\/2019\/12\/wycieczka4_SP184-150x150.jpg\" width=\"150\" height=\"150\" alt=\"\" \/><\/a><\/div><div class=\"rl-gallery-item\"><a href=\"https:\/\/sp184lodz.edu.pl\/wp-content\/uploads\/2019\/12\/wycieczka5_SP184.jpg\" title=\"\" data-rl_title=\"\" class=\"rl-gallery-link\" data-rl_caption=\"\" data-rel=\"lightbox-gallery-1\"><img loading=\"lazy\" decoding=\"async\" src=\"https:\/\/sp184lodz.edu.pl\/wp-content\/uploads\/2019\/12\/wycieczka5_SP184-150x150.jpg\" width=\"150\" height=\"150\" alt=\"\" \/><\/a><\/div><div class=\"rl-gallery-item\"><a href=\"https:\/\/sp184lodz.edu.pl\/wp-content\/uploads\/2019\/12\/wycieczka6_SP184.jpg\" title=\"\" data-rl_title=\"\" class=\"rl-gallery-link\" data-rl_caption=\"\" data-rel=\"lightbox-gallery-1\"><img loading=\"lazy\" decoding=\"async\" src=\"https:\/\/sp184lodz.edu.pl\/wp-content\/uploads\/2019\/12\/wycieczka6_SP184-150x150.jpg\" width=\"150\" height=\"150\" alt=\"\" \/><\/a><\/div> <\/div> <\/div><\/code> &#8211; wycieczka<\/p>\n","protected":false},"excerpt":{"rendered":"<p>I zacz\u0119\u0142o si\u0119-2 wrze\u015bnia 2019 spotkali\u015bmy si\u0119 w ca\u0142kiem nowym sk\u0142adzie.<\/p>\n","protected":false},"author":1,"featured_media":0,"comment_status":"closed","ping_status":"closed","sticky":false,"template":"","format":"standard","meta":{"two_page_speed":[],"footnotes":""},"categories":[8,16],"tags":[9],"class_list":["post-7737","post","type-post","status-publish","format-standard","hentry","category-wazne","category-newsy","tag-sp-184-w-lodzi"],"_links":{"self":[{"href":"https:\/\/sp184lodz.edu.pl\/index.php\/wp-json\/wp\/v2\/posts\/7737","targetHints":{"allow":["GET"]}}],"collection":[{"href":"https:\/\/sp184lodz.edu.pl\/index.php\/wp-json\/wp\/v2\/posts"}],"about":[{"href":"https:\/\/sp184lodz.edu.pl\/index.php\/wp-json\/wp\/v2\/types\/post"}],"author":[{"embeddable":true,"href":"https:\/\/sp184lodz.edu.pl\/index.php\/wp-json\/wp\/v2\/users\/1"}],"replies":[{"embeddable":true,"href":"https:\/\/sp184lodz.edu.pl\/index.php\/wp-json\/wp\/v2\/comments?post=7737"}],"version-history":[{"count":7,"href":"https:\/\/sp184lodz.edu.pl\/index.php\/wp-json\/wp\/v2\/posts\/7737\/revisions"}],"predecessor-version":[{"id":7811,"href":"https:\/\/sp184lodz.edu.pl\/index.php\/wp-json\/wp\/v2\/posts\/7737\/revisions\/7811"}],"wp:attachment":[{"href":"https:\/\/sp184lodz.edu.pl\/index.php\/wp-json\/wp\/v2\/media?parent=7737"}],"wp:term":[{"taxonomy":"category","embeddable":true,"href":"https:\/\/sp184lodz.edu.pl\/index.php\/wp-json\/wp\/v2\/categories?post=7737"},{"taxonomy":"post_tag","embeddable":true,"href":"https:\/\/sp184lodz.edu.pl\/index.php\/wp-json\/wp\/v2\/tags?post=7737"}],"curies":[{"name":"wp","href":"https:\/\/api.w.org\/{rel}","templated":true}]}}