{"id":7799,"date":"2020-01-10T15:20:52","date_gmt":"2020-01-10T14:20:52","guid":{"rendered":"http:\/\/sp184lodz.edu.pl\/?p=7799"},"modified":"2020-01-10T17:39:17","modified_gmt":"2020-01-10T16:39:17","slug":"ramowy-plan-dnia-ferii-zimowych","status":"publish","type":"post","link":"https:\/\/sp184lodz.edu.pl\/index.php\/2020\/01\/10\/ramowy-plan-dnia-ferii-zimowych\/","title":{"rendered":"RAMOWY PLAN DNIA FERII ZIMOWYCH"},"content":{"rendered":"<h2 style=\"text-align: center;\"><img loading=\"lazy\" decoding=\"async\" class=\"aligncenter size-full wp-image-7445\" src=\"http:\/\/sp184lodz.edu.pl\/wp-content\/uploads\/2019\/12\/ferie-sp184.png\" alt=\"\" width=\"606\" height=\"302\" srcset=\"https:\/\/sp184lodz.edu.pl\/wp-content\/uploads\/2019\/12\/ferie-sp184.png 606w, https:\/\/sp184lodz.edu.pl\/wp-content\/uploads\/2019\/12\/ferie-sp184-300x150.png 300w\" sizes=\"auto, (max-width: 606px) 100vw, 606px\" \/><span style=\"color: #ff6600;\"><strong>Zapraszamy od poniedzia\u0142ku \ud83d\ude42<\/strong><\/span><\/h2>\n<p style=\"text-align: right;\"><strong><a href=\"http:\/\/sp184lodz.edu.pl\/wp-content\/uploads\/2019\/12\/regulamin_POLKOLONI.pdf\" target=\"_blank\" rel=\"noopener noreferrer\"><em>REGULAMIN P\u00d3\u0141KOLONII ZIMOWYCH<\/em><\/a><\/strong><\/p>\n<p style=\"text-align: right;\"><strong><em><a href=\"http:\/\/sp184lodz.edu.pl\/wp-content\/uploads\/2019\/12\/informacja_zdrowie.pdf\" target=\"_blank\" rel=\"noopener noreferrer\">INFORMACJA O STANIE ZDROWIA UCZESTNIKA<\/a><\/em><\/strong><\/p>\n<p><!--more--><\/p>\n<p>7.00 &#8211; 8.00 &#8211; zbi\u00f3rka uczestnik\u00f3w w \u015bwietlicy szkolnej,<\/p>\n<p>8:00 \u2013 8:30 &#8211; gry planszowe, umys\u0142owe, zabawy ruchowe i konkursy,<\/p>\n<p>8.30- 9.00- \u015bniadanie,<\/p>\n<p>9.30- 12.30- czas przeznaczony na: wycieczki piesze, zaj\u0119cia, gry i zabawy, warsztaty, wyj\u015bcia,<\/p>\n<p>13.00- 13.30- obiad,<\/p>\n<p>13.30- 14.00- poobiedni relaks, zaj\u0119cia kulturalne i artystyczne,<\/p>\n<p>14.00- 15.30- gry i zabawy stolikowe, zabawy integracyjne, gry edukacyjne, basen oraz\u00a0 gry i zabawy sportowe na sali gimnastycznej.<\/p>\n<p>15.30-16.00 \u2013 podsumowanie dnia.<\/p>\n<p><span style=\"color: #ff0000;\"><strong>Grupa I i II &#8211;\u00a0 poniedzia\u0142ek i \u015brod\u0119 zaj\u0119cia na basenie szkolnym.<\/strong><\/span><\/p>\n<p><span style=\"color: #ff0000;\"><strong>Grupa III i IV \u2013 wtorek i czwartek zaj\u0119cia na basenie szkolnym.<\/strong><\/span><\/p>\n<p>&nbsp;<\/p>\n<p style=\"text-align: center;\"><span style=\"color: #800080;\"><strong>Zwracamy si\u0119 z pro\u015bb\u0105, by uczestnicy p\u00f3\u0142kolonii mieli ze sob\u0105:<\/strong><\/span><\/p>\n<p style=\"text-align: center;\"><span style=\"color: #800080;\"><strong>&#8211; plecak,<\/strong><\/span><\/p>\n<p style=\"text-align: center;\"><span style=\"color: #800080;\"><strong>&#8211; pi\u00f3rnik<\/strong><\/span><\/p>\n<p style=\"text-align: center;\"><span style=\"color: #800080;\"><strong>&#8211; picie<\/strong><\/span><\/p>\n<p style=\"text-align: center;\"><span style=\"color: #800080;\"><strong>&#8211; II \u015bniadanie<\/strong><\/span><\/p>\n<p style=\"text-align: center;\"><span style=\"color: #800080;\"><strong>&#8211; buty na zmian\u0119<\/strong><\/span><\/p>\n<p style=\"text-align: center;\"><span style=\"color: #800080;\"><strong>&#8211; str\u00f3j k\u0105pielowy, r\u0119cznik, oraz klapki pod prysznic<\/strong><\/span><\/p>\n<p style=\"text-align: center;\"><span style=\"color: #800080;\"><strong>&#8211; DOBRY HUMOR!!!<\/strong><\/span><\/p>\n","protected":false},"excerpt":{"rendered":"<p>Zapraszamy od poniedzia\u0142ku \ud83d\ude42 REGULAMIN P\u00d3\u0141KOLONII ZIMOWYCH INFORMACJA O STANIE ZDROWIA UCZESTNIKA<\/p>\n","protected":false},"author":1,"featured_media":0,"comment_status":"closed","ping_status":"closed","sticky":false,"template":"","format":"standard","meta":{"two_page_speed":[],"footnotes":""},"categories":[8,16],"tags":[141,9],"class_list":["post-7799","post","type-post","status-publish","format-standard","hentry","category-wazne","category-newsy","tag-ramowy-plan-dnia-ferii-zimowych","tag-sp-184-w-lodzi"],"_links":{"self":[{"href":"https:\/\/sp184lodz.edu.pl\/index.php\/wp-json\/wp\/v2\/posts\/7799","targetHints":{"allow":["GET"]}}],"collection":[{"href":"https:\/\/sp184lodz.edu.pl\/index.php\/wp-json\/wp\/v2\/posts"}],"about":[{"href":"https:\/\/sp184lodz.edu.pl\/index.php\/wp-json\/wp\/v2\/types\/post"}],"author":[{"embeddable":true,"href":"https:\/\/sp184lodz.edu.pl\/index.php\/wp-json\/wp\/v2\/users\/1"}],"replies":[{"embeddable":true,"href":"https:\/\/sp184lodz.edu.pl\/index.php\/wp-json\/wp\/v2\/comments?post=7799"}],"version-history":[{"count":4,"href":"https:\/\/sp184lodz.edu.pl\/index.php\/wp-json\/wp\/v2\/posts\/7799\/revisions"}],"predecessor-version":[{"id":7806,"href":"https:\/\/sp184lodz.edu.pl\/index.php\/wp-json\/wp\/v2\/posts\/7799\/revisions\/7806"}],"wp:attachment":[{"href":"https:\/\/sp184lodz.edu.pl\/index.php\/wp-json\/wp\/v2\/media?parent=7799"}],"wp:term":[{"taxonomy":"category","embeddable":true,"href":"https:\/\/sp184lodz.edu.pl\/index.php\/wp-json\/wp\/v2\/categories?post=7799"},{"taxonomy":"post_tag","embeddable":true,"href":"https:\/\/sp184lodz.edu.pl\/index.php\/wp-json\/wp\/v2\/tags?post=7799"}],"curies":[{"name":"wp","href":"https:\/\/api.w.org\/{rel}","templated":true}]}}