{"id":7926,"date":"2020-02-05T09:58:46","date_gmt":"2020-02-05T08:58:46","guid":{"rendered":"http:\/\/sp184lodz.edu.pl\/?p=7926"},"modified":"2020-02-05T09:58:46","modified_gmt":"2020-02-05T08:58:46","slug":"konkurs-z-wiedzy-o-ii-wojnie-swiatowej-w-muzeum-tradycji-niepodleglosciowych-w-lodzi","status":"publish","type":"post","link":"https:\/\/sp184lodz.edu.pl\/index.php\/2020\/02\/05\/konkurs-z-wiedzy-o-ii-wojnie-swiatowej-w-muzeum-tradycji-niepodleglosciowych-w-lodzi\/","title":{"rendered":"Konkurs z wiedzy o II wojnie \u015bwiatowej w Muzeum Tradycji Niepodleg\u0142o\u015bciowych w \u0141odzi."},"content":{"rendered":"<p>W I semestrze roku szkolnego 2019\/2020 nasi uczniowie&#8230;<\/p>\n<p><!--more--><\/p>\n<p>brali udzia\u0142 w konkursie wiedzy o II wojnie \u015bwiatowej dla klas VI-VIII zorganizowanym przez Muzeum Tradycji Niepodleg\u0142o\u015bciowych. Partnerami konkursu by\u0142o: \u0141odzkie Centrum Doskonalenia Nauczycieli i Kszta\u0142cenia Praktycznego w \u0141odzi, i Kuratorium O\u015bwiaty w \u0141odzi.<\/p>\n<p>Ucze\u0144 Jan Leszczy\u0144ski z klasy VIIa otrzyma\u0142 w konkursie wyr\u00f3\u017cnienie, serdecznie gratulujemy wiedzy z okresu II wojny \u015bwiatowej oraz sukcesu.<\/p>\n<p style=\"text-align: right;\"><em>Nauczyciele:Aneta Adamczyk, Sylwia Stoli\u0144ska.<\/em><\/p>\n","protected":false},"excerpt":{"rendered":"<p>W I semestrze roku szkolnego 2019\/2020 nasi uczniowie&#8230;<\/p>\n","protected":false},"author":1,"featured_media":0,"comment_status":"closed","ping_status":"closed","sticky":false,"template":"","format":"standard","meta":{"two_page_speed":[],"footnotes":""},"categories":[16],"tags":[],"class_list":["post-7926","post","type-post","status-publish","format-standard","hentry","category-newsy"],"_links":{"self":[{"href":"https:\/\/sp184lodz.edu.pl\/index.php\/wp-json\/wp\/v2\/posts\/7926","targetHints":{"allow":["GET"]}}],"collection":[{"href":"https:\/\/sp184lodz.edu.pl\/index.php\/wp-json\/wp\/v2\/posts"}],"about":[{"href":"https:\/\/sp184lodz.edu.pl\/index.php\/wp-json\/wp\/v2\/types\/post"}],"author":[{"embeddable":true,"href":"https:\/\/sp184lodz.edu.pl\/index.php\/wp-json\/wp\/v2\/users\/1"}],"replies":[{"embeddable":true,"href":"https:\/\/sp184lodz.edu.pl\/index.php\/wp-json\/wp\/v2\/comments?post=7926"}],"version-history":[{"count":1,"href":"https:\/\/sp184lodz.edu.pl\/index.php\/wp-json\/wp\/v2\/posts\/7926\/revisions"}],"predecessor-version":[{"id":7927,"href":"https:\/\/sp184lodz.edu.pl\/index.php\/wp-json\/wp\/v2\/posts\/7926\/revisions\/7927"}],"wp:attachment":[{"href":"https:\/\/sp184lodz.edu.pl\/index.php\/wp-json\/wp\/v2\/media?parent=7926"}],"wp:term":[{"taxonomy":"category","embeddable":true,"href":"https:\/\/sp184lodz.edu.pl\/index.php\/wp-json\/wp\/v2\/categories?post=7926"},{"taxonomy":"post_tag","embeddable":true,"href":"https:\/\/sp184lodz.edu.pl\/index.php\/wp-json\/wp\/v2\/tags?post=7926"}],"curies":[{"name":"wp","href":"https:\/\/api.w.org\/{rel}","templated":true}]}}