{"id":950,"date":"2017-04-28T20:00:47","date_gmt":"2017-04-28T18:00:47","guid":{"rendered":"http:\/\/sp184lodz.edu.pl\/?p=950"},"modified":"2017-04-30T20:23:51","modified_gmt":"2017-04-30T18:23:51","slug":"a","status":"publish","type":"post","link":"https:\/\/sp184lodz.edu.pl\/index.php\/2017\/04\/28\/a\/","title":{"rendered":"29.04.2017 r. &#8211; Akademia z okazji \u015awi\u0105t Majowych"},"content":{"rendered":"<p><img loading=\"lazy\" decoding=\"async\" class=\"size-medium wp-image-922 alignright\" src=\"http:\/\/sp184lodz.edu.pl\/wp-content\/uploads\/2017\/04\/DSC8235-300x169.jpg\" alt=\"\" width=\"300\" height=\"169\" srcset=\"https:\/\/sp184lodz.edu.pl\/wp-content\/uploads\/2017\/04\/DSC8235-300x169.jpg 300w, https:\/\/sp184lodz.edu.pl\/wp-content\/uploads\/2017\/04\/DSC8235-768x432.jpg 768w, https:\/\/sp184lodz.edu.pl\/wp-content\/uploads\/2017\/04\/DSC8235-1024x576.jpg 1024w, https:\/\/sp184lodz.edu.pl\/wp-content\/uploads\/2017\/04\/DSC8235.jpg 1333w\" sizes=\"auto, (max-width: 300px) 100vw, 300px\" \/><\/p>\n<p>Dnia 28.04.2017r. w naszej szkole odby\u0142 si\u0119 uroczysty apel z okazji \u015bwi\u0105t majowych.<\/p>\n<p><img loading=\"lazy\" decoding=\"async\" class=\"size-full wp-image-1082 alignleft\" src=\"http:\/\/sp184lodz.edu.pl\/wp-content\/uploads\/2017\/04\/animpolska.gif\" alt=\"\" width=\"68\" height=\"50\" \/><\/p>\n<p>&nbsp;<\/p>\n<p><!--more--><\/p>\n<p>W apelu wyst\u0105pili i wykazali si\u0119 talentem aktorskim uczniowie klasy 4c, 6a oraz zesp\u00f3\u0142 wokalny, a tak\u017ce ch\u00f3r.<\/p>\n<p><u>Bardzo dzi\u0119kujemy za przygotowanie uczni\u00f3w do apelu Paniom<\/u>:<\/p>\n<p>Dorocie Micherdzi\u0144skiej, Anecie Adamczyk i Monice Sikorze.<\/p>\n<p>Maj jest miesi\u0105cem bardzo wa\u017cnym w historii Polski. W pierwszych trzech dniach maja obchodzone s\u0105 w Polsce trzy wa\u017cne \u015bwi\u0119ta. 1 Maja zapisa\u0142 si\u0119 jako Mi\u0119dzynarodowe \u015awi\u0119to Pracy obchodzone nie tylko w Polsce, ale i na \u015bwiecie. 2 Maja zosta\u0142 ustanowiony Dniem Flagi Rzeczypospolitej Polskiej. \u015awi\u0119to to czci polskie barwy narodowe, kt\u00f3re maj\u0105, jako jedne z nielicznych w \u015bwiecie, pochodzenie heraldyczne. 2 Maja to dzie\u0144, w kt\u00f3rym Polakom towarzysz\u0105 refleksje o szczytnych kartach historii Polski. Dzie\u0144 Flagi poprzedza \u015bwi\u0119to 3 maja, upami\u0119tniaj\u0105ce przyj\u0119cie niezwykle istotnego dokumentu, jakim by\u0142a Konstytucja 3 maja z 1791 roku.<\/p>\n<p style=\"text-align: right;\"><em><strong><a href=\"http:\/\/sp184lodz.edu.pl\/index.php\/foto\/akademia\/\">zobacz <\/a><a href=\"http:\/\/sp184lodz.edu.pl\/index.php\/foto\/akademia\/\"><img loading=\"lazy\" decoding=\"async\" class=\"size-full wp-image-1085 alignright\" src=\"http:\/\/sp184lodz.edu.pl\/wp-content\/uploads\/2017\/04\/animfoto.gif\" alt=\"\" width=\"80\" height=\"65\" \/><\/a><\/strong><\/em><\/p>\n<p style=\"text-align: right;\"><em><strong><a href=\"http:\/\/sp184lodz.edu.pl\/index.php\/foto\/akademia\/\">fotogaleri\u0119\u00a0 <\/a><\/strong><\/em><\/p>\n","protected":false},"excerpt":{"rendered":"<p>Dnia 28.04.2017r. w naszej szkole odby\u0142 si\u0119 uroczysty apel z okazji \u015bwi\u0105t majowych. &nbsp;<\/p>\n","protected":false},"author":1,"featured_media":0,"comment_status":"closed","ping_status":"closed","sticky":false,"template":"","format":"standard","meta":{"two_page_speed":[],"footnotes":""},"categories":[5,1,8,3,4],"tags":[],"class_list":["post-950","post","type-post","status-publish","format-standard","hentry","category-f","category-pil","category-wazne","category-news1-3","category-news4-8"],"_links":{"self":[{"href":"https:\/\/sp184lodz.edu.pl\/index.php\/wp-json\/wp\/v2\/posts\/950","targetHints":{"allow":["GET"]}}],"collection":[{"href":"https:\/\/sp184lodz.edu.pl\/index.php\/wp-json\/wp\/v2\/posts"}],"about":[{"href":"https:\/\/sp184lodz.edu.pl\/index.php\/wp-json\/wp\/v2\/types\/post"}],"author":[{"embeddable":true,"href":"https:\/\/sp184lodz.edu.pl\/index.php\/wp-json\/wp\/v2\/users\/1"}],"replies":[{"embeddable":true,"href":"https:\/\/sp184lodz.edu.pl\/index.php\/wp-json\/wp\/v2\/comments?post=950"}],"version-history":[{"count":13,"href":"https:\/\/sp184lodz.edu.pl\/index.php\/wp-json\/wp\/v2\/posts\/950\/revisions"}],"predecessor-version":[{"id":1088,"href":"https:\/\/sp184lodz.edu.pl\/index.php\/wp-json\/wp\/v2\/posts\/950\/revisions\/1088"}],"wp:attachment":[{"href":"https:\/\/sp184lodz.edu.pl\/index.php\/wp-json\/wp\/v2\/media?parent=950"}],"wp:term":[{"taxonomy":"category","embeddable":true,"href":"https:\/\/sp184lodz.edu.pl\/index.php\/wp-json\/wp\/v2\/categories?post=950"},{"taxonomy":"post_tag","embeddable":true,"href":"https:\/\/sp184lodz.edu.pl\/index.php\/wp-json\/wp\/v2\/tags?post=950"}],"curies":[{"name":"wp","href":"https:\/\/api.w.org\/{rel}","templated":true}]}}