{"id":9785,"date":"2021-02-22T14:08:40","date_gmt":"2021-02-22T13:08:40","guid":{"rendered":"https:\/\/sp184lodz.edu.pl\/?p=9785"},"modified":"2021-03-23T12:22:36","modified_gmt":"2021-03-23T11:22:36","slug":"uwaga-konkurs-informatyczno-przyrodniczy","status":"publish","type":"post","link":"https:\/\/sp184lodz.edu.pl\/index.php\/2021\/02\/22\/uwaga-konkurs-informatyczno-przyrodniczy\/","title":{"rendered":"UWAGA &#8211; Konkurs Informatyczno \u2013 Przyrodniczy"},"content":{"rendered":"<h2 style=\"text-align: center;\"><strong><span style=\"color: #008000;\"><img loading=\"lazy\" decoding=\"async\" class=\"size-full wp-image-1080 alignleft\" src=\"https:\/\/sp184lodz.edu.pl\/wp-content\/uploads\/2017\/04\/animkomp.gif\" alt=\"\" width=\"145\" height=\"77\" \/>\u201eZwierz\u0119ta Chronione Regionu \u0141\u00f3dzkiego\u201d<\/span> <\/strong><\/h2>\n<h3 style=\"text-align: center;\"><span style=\"color: #993300;\"><strong>na prezentacj\u0119 multimedialn\u0105<\/strong><\/span><\/h3>\n<p style=\"text-align: center;\"><span style=\"color: #000080;\"><strong>ch\u0119tni do udzia\u0142u uczniowie z klas 6- 8 zg\u0142aszaj\u0105 si\u0119 &#8230;<\/strong><\/span><\/p>\n<p><span style=\"color: #000080;\"><!--more--><\/span><\/p>\n<p style=\"text-align: center;\"><span style=\"color: #000080;\"><strong>do mnie w nieprzekraczalnym terminie do czwartku 25 lutego<\/strong><\/span><br \/>\n<span style=\"color: #000080;\"><strong>zg\u0142oszenia wy\u0142\u0105cznie na platformie TEAMS<\/strong><\/span><\/p>\n<p style=\"text-align: center;\"><span style=\"color: #000080;\"><strong>W dniu 26 okre\u015bl\u0119 termin konsultacji.<\/strong><\/span><\/p>\n<p>i<em>nformacje o terminie oddania prac oraz szczeg\u00f3\u0142y dotycz\u0105ce konkursu <\/em><br \/>\n<em>przeka\u017c\u0119 zainteresowanym uczniom na spotkaniu organizacyjnym na TEAMS<\/em><\/p>\n<p><em>Krzysztof Dzierbicki<\/em><\/p>\n<hr \/>\n<p><strong>Etapy konkursu:<\/strong><\/p>\n<ol>\n<li><strong>Etap szkolny<\/strong><\/li>\n<\/ol>\n<p>Podczas konsultacji zostan\u0105 wy\u0142onione dwie osoby, kt\u00f3rych prace zostan\u0105 zg\u0142oszone do etapu drugiego.<br \/>\nuczestnik\u00f3w wy\u0142oni komisja szkolna<\/p>\n<ol start=\"2\">\n<li><strong>Etap \u0141\u00f3dzki<\/strong><\/li>\n<\/ol>\n<p><strong>Wymagania dotycz\u0105ce prezentacji<\/strong><\/p>\n<ul>\n<li>Zawarto\u015b\u0107 merytoryczna &#8211; zgodna z tematem konkursu (odpowiedni dob\u00f3r materia\u0142u).<\/li>\n<li>Zamieszczenie w\u0142asnych refleksji dotycz\u0105cych tematu.<\/li>\n<li>Tytu\u0142 prezentacji zgodny z tematyk\u0105 konkursu.<\/li>\n<li>Spis tre\u015bci (zastosowanie hiper\u0142\u0105czy).<\/li>\n<li>Kompozycja &#8211; sp\u00f3jno\u015b\u0107, logika prezentacji.<\/li>\n<li>Estetyka i przejrzysto\u015b\u0107.<\/li>\n<li>Oryginalno\u015b\u0107 i wra\u017cenia artystyczne.<\/li>\n<li>Forma prezentacji &#8211; wykorzystane \u015brodki przekazu, dodatkowe efekty audiowizualne, rozwi\u0105zania graficzne.<\/li>\n<li>Wykorzystanie w\u0142asnego materia\u0142u zdj\u0119ciowego, filmowego i d\u017awi\u0119kowego.<\/li>\n<li>Prezentacja powinna by\u0107 zrozumia\u0142a dla odbiorc\u00f3w na poziomie szko\u0142y podstawowej.<\/li>\n<li>Podczas pracy nad prezentacj\u0105 uczniowie powinni korzysta\u0107 z r\u00f3\u017cnych \u017ar\u00f3de\u0142 wiedzy i\u00a0poda\u0107 je <strong>w bibliografii<\/strong>.<\/li>\n<li>Prezentacja multimedialna powinna sk\u0142ada\u0107 si\u0119 maksymalnie z 50 slajd\u00f3w.<br \/>\nZapisana jako \u201epokaz programu PowerPoint\u201d z rozszerzeniem pps.<\/li>\n<\/ul>\n<p style=\"text-align: center;\"><em><span style=\"color: #993300;\"><strong>Zapraszam do kontaktu nauczyciel informatyki _ Krzysztof Dzierbicki<\/strong><\/span><\/em><\/p>\n","protected":false},"excerpt":{"rendered":"<p>\u201eZwierz\u0119ta Chronione Regionu \u0141\u00f3dzkiego\u201d na prezentacj\u0119 multimedialn\u0105 ch\u0119tni do udzia\u0142u uczniowie z klas 6- 8 zg\u0142aszaj\u0105 si\u0119 &#8230;<\/p>\n","protected":false},"author":1,"featured_media":0,"comment_status":"closed","ping_status":"closed","sticky":false,"template":"","format":"standard","meta":{"two_page_speed":[],"footnotes":""},"categories":[15,1],"tags":[73,9,19,167],"class_list":["post-9785","post","type-post","status-publish","format-standard","hentry","category-konkursy","category-pil","tag-konkurs-informatyczny","tag-sp-184-w-lodzi","tag-sp184","tag-zwierzeta-chronione-regionu-lodzkiego"],"_links":{"self":[{"href":"https:\/\/sp184lodz.edu.pl\/index.php\/wp-json\/wp\/v2\/posts\/9785","targetHints":{"allow":["GET"]}}],"collection":[{"href":"https:\/\/sp184lodz.edu.pl\/index.php\/wp-json\/wp\/v2\/posts"}],"about":[{"href":"https:\/\/sp184lodz.edu.pl\/index.php\/wp-json\/wp\/v2\/types\/post"}],"author":[{"embeddable":true,"href":"https:\/\/sp184lodz.edu.pl\/index.php\/wp-json\/wp\/v2\/users\/1"}],"replies":[{"embeddable":true,"href":"https:\/\/sp184lodz.edu.pl\/index.php\/wp-json\/wp\/v2\/comments?post=9785"}],"version-history":[{"count":4,"href":"https:\/\/sp184lodz.edu.pl\/index.php\/wp-json\/wp\/v2\/posts\/9785\/revisions"}],"predecessor-version":[{"id":9797,"href":"https:\/\/sp184lodz.edu.pl\/index.php\/wp-json\/wp\/v2\/posts\/9785\/revisions\/9797"}],"wp:attachment":[{"href":"https:\/\/sp184lodz.edu.pl\/index.php\/wp-json\/wp\/v2\/media?parent=9785"}],"wp:term":[{"taxonomy":"category","embeddable":true,"href":"https:\/\/sp184lodz.edu.pl\/index.php\/wp-json\/wp\/v2\/categories?post=9785"},{"taxonomy":"post_tag","embeddable":true,"href":"https:\/\/sp184lodz.edu.pl\/index.php\/wp-json\/wp\/v2\/tags?post=9785"}],"curies":[{"name":"wp","href":"https:\/\/api.w.org\/{rel}","templated":true}]}}