{"id":23,"count":2,"description":"","link":"https:\/\/sp184lodz.edu.pl\/index.php\/tag\/lodz-w-obiektywie-2018-kulturalne-wydarzenia-lodzi\/","name":"\u201e\u0141\u00d3D\u0179 W OBIEKTYWIE - 2018\u201d \u201eKulturalne wydarzenia \u0141odzi\u201d","slug":"lodz-w-obiektywie-2018-kulturalne-wydarzenia-lodzi","taxonomy":"post_tag","meta":[],"_links":{"self":[{"href":"https:\/\/sp184lodz.edu.pl\/index.php\/wp-json\/wp\/v2\/tags\/23","targetHints":{"allow":["GET"]}}],"collection":[{"href":"https:\/\/sp184lodz.edu.pl\/index.php\/wp-json\/wp\/v2\/tags"}],"about":[{"href":"https:\/\/sp184lodz.edu.pl\/index.php\/wp-json\/wp\/v2\/taxonomies\/post_tag"}],"wp:post_type":[{"href":"https:\/\/sp184lodz.edu.pl\/index.php\/wp-json\/wp\/v2\/posts?tags=23"}],"curies":[{"name":"wp","href":"https:\/\/api.w.org\/{rel}","templated":true}]}}